{"id":326452,"date":"2025-08-18T06:44:11","date_gmt":"2025-08-18T06:44:11","guid":{"rendered":"https:\/\/www.europesays.com\/fr\/326452\/"},"modified":"2025-08-18T06:44:11","modified_gmt":"2025-08-18T06:44:11","slug":"ligue-1-nice-0-toulouse-1-la-saison-commence-vraiment-mal","status":"publish","type":"post","link":"https:\/\/www.europesays.com\/fr\/326452\/","title":{"rendered":"Ligue 1. Nice 0-Toulouse 1: La saison commence vraiment mal\u00a0"},"content":{"rendered":"<p>Apr\u00e8s les deux d\u00e9faites contre Benfica Lisbonne au troisi\u00e8me tour pr\u00e9liminaire de la Ligue des champions, l\u2019OGC Nice s\u2019est inclin\u00e9 samedi soir pour l\u2019ouverture du championnat \u00e0 l\u2019Allianz Riviera.<\/p>\n<p><img fetchpriority=\"high\" decoding=\"async\" class=\"alignnone size-full wp-image-109079\" src=\"https:\/\/www.europesays.com\/fr\/wp-content\/uploads\/2025\/08\/nICE-Toulouse-k2.png\" alt=\"Destimed nICE Toulouse k2\" width=\"784\" height=\"426\"  \/><\/p>\n<p>Des sifflets \u00e0 la fin de la premi\u00e8re mi-temps et des sifflets au coup de sifflet final.\u00a0 Les joueurs de Franck Haise ont quitt\u00e9 la pelouse de l\u2019Allianz Riviera, les t\u00eates basses en se demandant comment et pourquoi ils ont perdu ce match contre une \u00e9quipe toulousaine venu sur la C\u00f4te d\u2019Azur sans complexe, avec l\u2019envie de r\u00e9aliser un gros coup contre l\u2019OGC Nice qui jouera la Ligue Europa en septembre.\u00a0 Sous pression apr\u00e8s la d\u00e9faite \u00e0 Lisbonne mardi dernier, le Gym n\u2019inqui\u00e9tait pas la d\u00e9fense du TFC en premi\u00e8re mi-temps. Yehvan Diouf faisait passer un frisson dans les trav\u00e9es de l\u2019Allianz Riviera, en \u00e9vitant de conc\u00e9der un but gag (18e).<\/p>\n<p>Restes fait le show<\/p>\n<p>Il y avait toujours un pied, une t\u00eate et surtout les r\u00e9flexes de Guillaume Restes, le gardien de but toulousain, pour s\u2019opposer aux attaques ni\u00e7oises (54e) et (84e). Malgr\u00e9 quatre changements, Franck Haise ne trouvait pas la solution pour faire sauter le verrou toulousain. \u00c0 une minute de la fin du temps r\u00e9glementaire, Djibril Sidibe, champion du monde en 2018, trompait Diouf d\u2019un tir puissant sous la barre transversale. Malgr\u00e9 huit minutes de temps additionnel, Nice \u00e9chouait sur les d\u00e9fenseurs toulousains bien organis\u00e9s autour de leur gardien de but.<\/p>\n<p>Samedi prochain \u00e0 19 heures, l\u2019OGC Nice recevra Auxerre. Il est conseill\u00e9 de gagner et de prendre les trois points sous peine de commencer la saison par une crise.<\/p>\n<p><strong>Gilbert DULAC<\/strong><\/p>\n<p>\u00a0<\/p>\n","protected":false},"excerpt":{"rendered":"Apr\u00e8s les deux d\u00e9faites contre Benfica Lisbonne au troisi\u00e8me tour pr\u00e9liminaire de la Ligue des champions, l\u2019OGC Nice&hellip;\n","protected":false},"author":2,"featured_media":326453,"comment_status":"","ping_status":"","sticky":false,"template":"","format":"standard","meta":{"footnotes":""},"categories":[2819],"tags":[1111,11,1777,674,1011,27,12,2401,882,25],"class_list":{"0":"post-326452","1":"post","2":"type-post","3":"status-publish","4":"format-standard","5":"has-post-thumbnail","7":"category-nice","8":"tag-actu","9":"tag-actualites","10":"tag-eu","11":"tag-europe","12":"tag-fr","13":"tag-france","14":"tag-news","15":"tag-nice","16":"tag-provence-alpes-cote-dazur","17":"tag-republique-francaise"},"share_on_mastodon":{"url":"https:\/\/pubeurope.com\/@fr\/115048419739604565","error":""},"_links":{"self":[{"href":"https:\/\/www.europesays.com\/fr\/wp-json\/wp\/v2\/posts\/326452","targetHints":{"allow":["GET"]}}],"collection":[{"href":"https:\/\/www.europesays.com\/fr\/wp-json\/wp\/v2\/posts"}],"about":[{"href":"https:\/\/www.europesays.com\/fr\/wp-json\/wp\/v2\/types\/post"}],"author":[{"embeddable":true,"href":"https:\/\/www.europesays.com\/fr\/wp-json\/wp\/v2\/users\/2"}],"replies":[{"embeddable":true,"href":"https:\/\/www.europesays.com\/fr\/wp-json\/wp\/v2\/comments?post=326452"}],"version-history":[{"count":0,"href":"https:\/\/www.europesays.com\/fr\/wp-json\/wp\/v2\/posts\/326452\/revisions"}],"wp:featuredmedia":[{"embeddable":true,"href":"https:\/\/www.europesays.com\/fr\/wp-json\/wp\/v2\/media\/326453"}],"wp:attachment":[{"href":"https:\/\/www.europesays.com\/fr\/wp-json\/wp\/v2\/media?parent=326452"}],"wp:term":[{"taxonomy":"category","embeddable":true,"href":"https:\/\/www.europesays.com\/fr\/wp-json\/wp\/v2\/categories?post=326452"},{"taxonomy":"post_tag","embeddable":true,"href":"https:\/\/www.europesays.com\/fr\/wp-json\/wp\/v2\/tags?post=326452"}],"curies":[{"name":"wp","href":"https:\/\/api.w.org\/{rel}","templated":true}]}}