{"id":326454,"date":"2025-08-18T06:45:20","date_gmt":"2025-08-18T06:45:20","guid":{"rendered":"https:\/\/www.europesays.com\/fr\/326454\/"},"modified":"2025-08-18T06:45:20","modified_gmt":"2025-08-18T06:45:20","slug":"le-groupe-des-poussins-phoniques-en-concert-a-saint-sebastien-sur-loire","status":"publish","type":"post","link":"https:\/\/www.europesays.com\/fr\/326454\/","title":{"rendered":"Le groupe des Poussins phoniques en concert \u00e0 Saint-S\u00e9bastien-sur-Loire"},"content":{"rendered":"<p>La mairie de Saint-S\u00e9bastien-sur-Loire (Loire-Atlantique) poursuit sa s\u00e9rie d\u2019animations estivales La Loire coole. Prochain rendez-vous mercredi 20\u00a0ao\u00fbt, sur l\u2019\u00eele Forget avec un concert pour toute la famille.<\/p>\n<p>Un groupe qui s\u2019adresse aux petits et aux grands<\/p>\n<p>Les Poussins phoniques est un groupe de musiciens-chanteurs dont le r\u00e9pertoire s\u2019adresse aussi bien aux parents qu\u2019aux enfants. Aux racines du rock, pop, funk et rap, leurs compositions s\u2019inscrivent dans le courant des musiques actuelles. Une occasion de se d\u00e9hancher, en famille, en fin de journ\u00e9e, sur l\u2019\u00eele Forget.<\/p>\n<p>\u00a0<\/p>\n","protected":false},"excerpt":{"rendered":"La mairie de Saint-S\u00e9bastien-sur-Loire (Loire-Atlantique) poursuit sa s\u00e9rie d\u2019animations estivales La Loire coole. Prochain rendez-vous mercredi 20\u00a0ao\u00fbt, sur&hellip;\n","protected":false},"author":2,"featured_media":326455,"comment_status":"","ping_status":"","sticky":false,"template":"","format":"standard","meta":{"footnotes":""},"categories":[2818],"tags":[1111,11,1697,1777,674,1011,27,2705,766,12,2636,46333,46332,25,3524],"class_list":{"0":"post-326454","1":"post","2":"type-post","3":"status-publish","4":"format-standard","5":"has-post-thumbnail","7":"category-nantes","8":"tag-actu","9":"tag-actualites","10":"tag-concert","11":"tag-eu","12":"tag-europe","13":"tag-fr","14":"tag-france","15":"tag-groupe","16":"tag-nantes","17":"tag-news","18":"tag-pays-de-la-loire","19":"tag-phoniques","20":"tag-poussins","21":"tag-republique-francaise","22":"tag-saint-sebastien-sur-loire"},"share_on_mastodon":{"url":"https:\/\/pubeurope.com\/@fr\/115048423353846761","error":""},"_links":{"self":[{"href":"https:\/\/www.europesays.com\/fr\/wp-json\/wp\/v2\/posts\/326454","targetHints":{"allow":["GET"]}}],"collection":[{"href":"https:\/\/www.europesays.com\/fr\/wp-json\/wp\/v2\/posts"}],"about":[{"href":"https:\/\/www.europesays.com\/fr\/wp-json\/wp\/v2\/types\/post"}],"author":[{"embeddable":true,"href":"https:\/\/www.europesays.com\/fr\/wp-json\/wp\/v2\/users\/2"}],"replies":[{"embeddable":true,"href":"https:\/\/www.europesays.com\/fr\/wp-json\/wp\/v2\/comments?post=326454"}],"version-history":[{"count":0,"href":"https:\/\/www.europesays.com\/fr\/wp-json\/wp\/v2\/posts\/326454\/revisions"}],"wp:featuredmedia":[{"embeddable":true,"href":"https:\/\/www.europesays.com\/fr\/wp-json\/wp\/v2\/media\/326455"}],"wp:attachment":[{"href":"https:\/\/www.europesays.com\/fr\/wp-json\/wp\/v2\/media?parent=326454"}],"wp:term":[{"taxonomy":"category","embeddable":true,"href":"https:\/\/www.europesays.com\/fr\/wp-json\/wp\/v2\/categories?post=326454"},{"taxonomy":"post_tag","embeddable":true,"href":"https:\/\/www.europesays.com\/fr\/wp-json\/wp\/v2\/tags?post=326454"}],"curies":[{"name":"wp","href":"https:\/\/api.w.org\/{rel}","templated":true}]}}