{"id":326462,"date":"2025-08-18T06:49:10","date_gmt":"2025-08-18T06:49:10","guid":{"rendered":"https:\/\/www.europesays.com\/fr\/326462\/"},"modified":"2025-08-18T06:49:10","modified_gmt":"2025-08-18T06:49:10","slug":"emblematique-de-toulouse-le-couvent-des-jacobins-se-refait-une-beaute","status":"publish","type":"post","link":"https:\/\/www.europesays.com\/fr\/326462\/","title":{"rendered":"Embl\u00e9matique de Toulouse, le couvent des Jacobins se refait une beaut\u00e9"},"content":{"rendered":"<p class=\"paragraph text_align_left lp-f-body-02\">C\u2019est un joyau du patrimoine de <a href=\"https:\/\/www.leparisien.fr\/immobilier\/prix-de-limmobilier-a-toulouse-le-classement-des-dix-rues-les-plus-cheres-de-la-ville-rose-19-05-2025-WZQITCX7JNAEVHA2BP2RG3SSGM.php\" target=\"_blank\" rel=\"noreferrer nofollow noopener\">Toulouse (Haute-Garonne) <\/a>qui avait besoin d\u2019une r\u00e9novation face \u00e0 l\u2019usure du temps. La toiture de l\u2019\u00e9glise du Couvent des Jacobins, construite il y a 795 ans, s\u2019est par\u00e9e depuis quelques jours de grands \u00e9chafaudages.<\/p>\n<p class=\"paragraph text_align_left lp-f-body-02\">\u00ab L\u2019usure du temps et les al\u00e9as climatiques ont fragilis\u00e9 la couverture mena\u00e7ant certains \u00e9l\u00e9ments structurels de la charpente et de l\u2019\u00e9difice, explique la mairie de Toulouse. Les travaux engag\u00e9s vont permettre la mise hors d\u2019eau de l\u2019\u00e9glise (restauration d\u2019une partie de la charpente, restauration des ch\u00e9neaux, r\u00e9fection compl\u00e8te de la couverture) et l\u2019am\u00e9lioration des dispositifs de s\u00e9curit\u00e9 incendie. L\u2019objectif de cette intervention est double : assurer la conservation du b\u00e2timent \u00e0 long terme et garantir un environnement s\u00fbr pour les 400 000 visiteurs accueillis chaque ann\u00e9e au Couvent des Jacobins. \u00bb<\/p>\n<p>Il reste ouvert pendant la dur\u00e9e du chantier<\/p>\n<p class=\"paragraph text_align_left lp-f-body-02\">L\u2019intervention mobilise des savoir-faire sp\u00e9cialis\u00e9s dans la restauration des monuments historiques avec une attention particuli\u00e8re port\u00e9e aux mat\u00e9riaux et aux techniques d\u2019origine. Construit en 1230 par l\u2019ordre des Pr\u00eacheurs &#8211; fond\u00e9 en 1215 \u00e0 Toulouse par Dominique de Guzman, futur Saint Dominique -, le Couvent des Jacobins a d\u00e9j\u00e0 fait l\u2019objet de plusieurs restaurations, dont sa toiture, depuis le XVIe si\u00e8cle.<\/p>\n<p class=\"paragraph text_align_left lp-f-body-02\">Les derni\u00e8res \u00e9tudes dendrochronologiques (technique de datation des pi\u00e8ces de bois) de la charpente attestent de la pr\u00e9sence de pi\u00e8ces issues d\u2019interventions de diff\u00e9rentes \u00e9poques. Les plus anciennes sont dat\u00e9es du XVIe s., les plus r\u00e9centes sont associ\u00e9es \u00e0 la reprise de la structure de la charpente au XIXe si\u00e8cle. La couverture de l\u2019\u00e9glise a \u00e9t\u00e9 partiellement reprise entre 1940 et 1945 avec la r\u00e9novation des ch\u00e9neaux qui conduisent \u00e0 l\u2019\u00e9vacuation des eaux de pluie, puis une intervention plus globale a \u00e9t\u00e9 r\u00e9alis\u00e9e en 1968.<\/p>\n<p class=\"paragraph text_align_left lp-f-body-02\">Le Couvent des Jacobins reste ouvert pendant toute la dur\u00e9e du chantier. Les visites, expositions et manifestations culturelles sont maintenues, avec les am\u00e9nagements n\u00e9cessaires pour garantir la s\u00e9curit\u00e9. <\/p>\n<p class=\"paragraph text_align_left lp-f-body-02\">Le co\u00fbt des travaux, qui doivent s\u2019achever \u00e0 l\u2019\u00e9t\u00e9 2026, s\u2019\u00e9l\u00e8ve \u00e0 2,5 millions d\u2019euros, financ\u00e9s par la mairie de Toulouse, avec une participation de la Direction R\u00e9gionale des Affaires Culturelles.<\/p>\n","protected":false},"excerpt":{"rendered":"C\u2019est un joyau du patrimoine de Toulouse (Haute-Garonne) qui avait besoin d\u2019une r\u00e9novation face \u00e0 l\u2019usure du temps.&hellip;\n","protected":false},"author":2,"featured_media":326463,"comment_status":"","ping_status":"","sticky":false,"template":"","format":"standard","meta":{"footnotes":""},"categories":[2816],"tags":[1111,11,872,459,1777,674,1011,27,4623,12,2680,25,2312],"class_list":{"0":"post-326462","1":"post","2":"type-post","3":"status-publish","4":"format-standard","5":"has-post-thumbnail","7":"category-toulouse","8":"tag-actu","9":"tag-actualites","10":"tag-culture-et-loisirs","11":"tag-departements-horsidfo","12":"tag-eu","13":"tag-europe","14":"tag-fr","15":"tag-france","16":"tag-haute-garonne-31","17":"tag-news","18":"tag-occitanie","19":"tag-republique-francaise","20":"tag-toulouse"},"share_on_mastodon":{"url":"https:\/\/pubeurope.com\/@fr\/115048439114982320","error":""},"_links":{"self":[{"href":"https:\/\/www.europesays.com\/fr\/wp-json\/wp\/v2\/posts\/326462","targetHints":{"allow":["GET"]}}],"collection":[{"href":"https:\/\/www.europesays.com\/fr\/wp-json\/wp\/v2\/posts"}],"about":[{"href":"https:\/\/www.europesays.com\/fr\/wp-json\/wp\/v2\/types\/post"}],"author":[{"embeddable":true,"href":"https:\/\/www.europesays.com\/fr\/wp-json\/wp\/v2\/users\/2"}],"replies":[{"embeddable":true,"href":"https:\/\/www.europesays.com\/fr\/wp-json\/wp\/v2\/comments?post=326462"}],"version-history":[{"count":0,"href":"https:\/\/www.europesays.com\/fr\/wp-json\/wp\/v2\/posts\/326462\/revisions"}],"wp:featuredmedia":[{"embeddable":true,"href":"https:\/\/www.europesays.com\/fr\/wp-json\/wp\/v2\/media\/326463"}],"wp:attachment":[{"href":"https:\/\/www.europesays.com\/fr\/wp-json\/wp\/v2\/media?parent=326462"}],"wp:term":[{"taxonomy":"category","embeddable":true,"href":"https:\/\/www.europesays.com\/fr\/wp-json\/wp\/v2\/categories?post=326462"},{"taxonomy":"post_tag","embeddable":true,"href":"https:\/\/www.europesays.com\/fr\/wp-json\/wp\/v2\/tags?post=326462"}],"curies":[{"name":"wp","href":"https:\/\/api.w.org\/{rel}","templated":true}]}}