{"id":326466,"date":"2025-08-18T06:51:13","date_gmt":"2025-08-18T06:51:13","guid":{"rendered":"https:\/\/www.europesays.com\/fr\/326466\/"},"modified":"2025-08-18T06:51:13","modified_gmt":"2025-08-18T06:51:13","slug":"que-va-devenir-lancien-site-carambar-a-marcq-en-baroeul-des-travaux-bientot-lances","status":"publish","type":"post","link":"https:\/\/www.europesays.com\/fr\/326466\/","title":{"rendered":"Que va devenir l\u2019ancien site Carambar \u00e0 Marcq-en-Bar\u0153ul ? Des travaux bient\u00f4t lanc\u00e9s\u00a0!"},"content":{"rendered":"<p>            Par<br \/>\n        <strong><br \/>\n            <a href=\"https:\/\/actu.fr\/auteur\/annesophie-2\" title=\"Consulter tous les articles de Anne-Sophie Hourdeaux\" target=\"_blank\" rel=\"noopener\">Anne-Sophie Hourdeaux<\/a><br \/>\n        <\/strong><\/p>\n<p>        Publi\u00e9 le<\/p>\n<p>            18 ao\u00fbt 2025 \u00e0 7h56        <\/p>\n<p><b>L\u2019entreprise embl\u00e9matique Carambar a quitt\u00e9 <a href=\"https:\/\/actu.fr\/hauts-de-france\/marcq-en-baroeul_59378\" target=\"_blank\" rel=\"noopener\">Marcq-en-Bar\u0153ul<\/a>,<\/b> son site historique en 2021, apr\u00e8s 150\u00a0ans, pour s\u2019installer \u00e0 <a href=\"https:\/\/actu.fr\/hauts-de-france\/bondues_59090\" target=\"_blank\" rel=\"noopener\">Bondues<\/a>. <b>Son ancien emplacement d\u2019un hectare<\/b> verra bient\u00f4t de nouvelles constructions. <b>Sa nouvelle vie est pr\u00e9vue pour 2027.<\/b> On vous en dit plus sur ce qui va arriver sur ce site \u00e0 l\u2019entr\u00e9e de Marcq-en-Bar\u0153ul, quartier du Pont\u2009!<\/p>\n<p>Du sucre au\u2026 triple salto\u2009chez Carambar \u00e0 Marcq-en-Bar\u0153ul !<\/p>\n<p class=\" wall-content\">Avant, sur le site Carambar, on faisait des bonbons. Bient\u00f4t, on fera du sport, on travaillera, on sera log\u00e9, on se prom\u00e8nera, on se r\u00e9galera\u2009! Les travaux de d\u00e9construction de l\u2019ancien b\u00e2timent sont presque achev\u00e9s en cet \u00e9t\u00e9 2025.<\/p>\n<p>    <img   decoding=\"async\" loading=\"lazy\" class=\"size-large\" src=\"https:\/\/www.europesays.com\/fr\/wp-content\/uploads\/2025\/08\/7bb8015991a867fb8015991a843c80v-960x627.jpg\" alt=\"L'ancien site Carambar de Marc accueillera un nouveau p\u00f4le gymnastique grandiose en 2027 !\" width=\"960\" height=\"627\"\/><br \/>\n    L\u2019int\u00e9rieur de la future salle de gym \u00e0 Marcq est grandiose\u2009! \u00a9Traces Architectes<\/p>\n<p class=\" wall-content\">La gymnastique aura la part belle sur le site. En effet, une grande salle de gymnastique de 2\u2009000 m\u00b2 sera construite, en remplacement de la salle Li\u00e9taert, d\u00e9su\u00e8te. Les 750\u00a0licenci\u00e9s des clubs et associations sportives en profiteront\u2009!<\/p>\n<p>    <img   decoding=\"async\" loading=\"lazy\" class=\"size-large\" src=\"https:\/\/www.europesays.com\/fr\/wp-content\/uploads\/2025\/08\/8ee37e4991a8652f37e4991a816f37v-960x640.jpg\" alt=\"L'ancien site Carambar de Marc accueillera un nouveau p\u00f4le gymnastique grandiose en 2027 !\" width=\"960\" height=\"640\"\/><br \/>\n    Une partie de l\u2019ancien site Carambar de Marc accueillera un nouveau p\u00f4le gymnastique grandiose en 2027, au c\u0153ur d\u2019un parc. \u00a9Traces Architectes<\/p>\n<p class=\" wall-content\">La mairie d\u00e9taille ce projet\u2009: \u00ab\u2009Con\u00e7u par le cabinet Traces Architectes, le b\u00e2timent adopte une forme ovo\u00efde et utilise le bois comme mat\u00e9riau principal. Il sera aliment\u00e9 par 700\u2009m\u00b2 de panneaux photovolta\u00efques, minimisant ainsi son empreinte \u00e9cologique\u2009\u00bb.<\/p>\n<p>Un parc, une voie cycliste<\/p>\n<p class=\" wall-content\">Cette salle sera au c\u0153ur d\u2019un parc de 1,8 hectare. Une voie pi\u00e9tonne et cycliste en site propre sera am\u00e9nag\u00e9e depuis la passerelle de Rouges Barres jusqu\u2019\u00e0 la De\u00fble, en passant par la rue Nationale.<\/p>\n<p class=\" wall-content\">Jusqu\u2019en octobre 2025, seront organis\u00e9s des travaux de d\u00e9samiantage, d\u00e9molition et d\u00e9pollution avec l\u2019\u00c9tablissement Public Foncier. Fin 2025\u2009: aura lieu le d\u00e9p\u00f4t du permis de construire. Les travaux d\u00e9marreront \u00e0 l\u2019\u00e9t\u00e9 2026. Fin 2027\u2009: livraison pr\u00e9visionnelle. Le budget de cette nouvelle salle sportive est de 6 millions d\u2019euros.<\/p>\n<p>Une r\u00e9sidence h\u00f4teli\u00e8re aussi avec resto, coworking et dojo !<\/p>\n<p class=\" wall-content\">Mais ceci n\u2019est qu\u2019une partie de l\u2019ancien site Carambar\u2009! Que va devenir le reste\u2009? C\u2019est le groupe Harvey qui a rachet\u00e9 un hectare et y pr\u00e9voir un grand projet immobilier. Pour l\u2019anecdote, le groupe immobilier a \u00e9t\u00e9 fond\u00e9 en 2017 par David Inquel et Romaric Gaudemer, deux anciens judokas. Dans leurs projets immobiliers, le sport a donc une belle place !<\/p>\n<p class=\" wall-content\">Harvey pr\u00e9voit de construire \u00e0 Marcq une \u00ab\u00a0r\u00e9sidence h\u00f4teli\u00e8re solidaire\u00a0\u00bb. Plus pr\u00e9cis\u00e9ment, le lieu comptera : 300 chambres, un restaurant, un espace de coworking, un dojo et un grand jardin paysager.<\/p>\n<p class=\" wall-content\">Le quartier du Pont va r\u00e9solument changer de visage !<\/p>\n<p class=\" wall-content\">Suivez toute l\u2019actualit\u00e9 de vos villes et m\u00e9dias favoris en vous inscrivant \u00e0 <a href=\"https:\/\/moncompte.actu.fr\" title=\"D\u00e9couvez Mon Actu\" rel=\"nofollow noopener\" data-trk=\"{&quot;cta&quot;:{&quot;action&quot;:&quot;https:\\\/\\\/moncompte.actu.fr&quot;,&quot;category&quot;:&quot;mon compte&quot;,&quot;from&quot;:&quot;article footer&quot;,&quot;name&quot;:&quot;Mon actu&quot;,&quot;type&quot;:&quot;cta&quot;}}\" target=\"_blank\">Mon Actu<\/a>.<\/p>\n","protected":false},"excerpt":{"rendered":"Par Anne-Sophie Hourdeaux Publi\u00e9 le 18 ao\u00fbt 2025 \u00e0 7h56 L\u2019entreprise embl\u00e9matique Carambar a quitt\u00e9 Marcq-en-Bar\u0153ul, son site&hellip;\n","protected":false},"author":2,"featured_media":326467,"comment_status":"","ping_status":"","sticky":false,"template":"","format":"standard","meta":{"footnotes":""},"categories":[2815],"tags":[1111,11,1777,674,1011,27,811,1307,12,25,104,2086],"class_list":{"0":"post-326466","1":"post","2":"type-post","3":"status-publish","4":"format-standard","5":"has-post-thumbnail","7":"category-lille","8":"tag-actu","9":"tag-actualites","10":"tag-eu","11":"tag-europe","12":"tag-fr","13":"tag-france","14":"tag-hauts-de-france","15":"tag-lille","16":"tag-news","17":"tag-republique-francaise","18":"tag-societe","19":"tag-travaux"},"share_on_mastodon":{"url":"https:\/\/pubeurope.com\/@fr\/115048447363544582","error":""},"_links":{"self":[{"href":"https:\/\/www.europesays.com\/fr\/wp-json\/wp\/v2\/posts\/326466","targetHints":{"allow":["GET"]}}],"collection":[{"href":"https:\/\/www.europesays.com\/fr\/wp-json\/wp\/v2\/posts"}],"about":[{"href":"https:\/\/www.europesays.com\/fr\/wp-json\/wp\/v2\/types\/post"}],"author":[{"embeddable":true,"href":"https:\/\/www.europesays.com\/fr\/wp-json\/wp\/v2\/users\/2"}],"replies":[{"embeddable":true,"href":"https:\/\/www.europesays.com\/fr\/wp-json\/wp\/v2\/comments?post=326466"}],"version-history":[{"count":0,"href":"https:\/\/www.europesays.com\/fr\/wp-json\/wp\/v2\/posts\/326466\/revisions"}],"wp:featuredmedia":[{"embeddable":true,"href":"https:\/\/www.europesays.com\/fr\/wp-json\/wp\/v2\/media\/326467"}],"wp:attachment":[{"href":"https:\/\/www.europesays.com\/fr\/wp-json\/wp\/v2\/media?parent=326466"}],"wp:term":[{"taxonomy":"category","embeddable":true,"href":"https:\/\/www.europesays.com\/fr\/wp-json\/wp\/v2\/categories?post=326466"},{"taxonomy":"post_tag","embeddable":true,"href":"https:\/\/www.europesays.com\/fr\/wp-json\/wp\/v2\/tags?post=326466"}],"curies":[{"name":"wp","href":"https:\/\/api.w.org\/{rel}","templated":true}]}}