{"id":326471,"date":"2025-08-18T06:54:10","date_gmt":"2025-08-18T06:54:10","guid":{"rendered":"https:\/\/www.europesays.com\/fr\/326471\/"},"modified":"2025-08-18T06:54:10","modified_gmt":"2025-08-18T06:54:10","slug":"om-deux-recrues-en-approche-surprise-a-marseille","status":"publish","type":"post","link":"https:\/\/www.europesays.com\/fr\/326471\/","title":{"rendered":"OM : Deux recrues en approche, surprise \u00e0 Marseille"},"content":{"rendered":"<p class=\"p1\"><strong>Battu par Rennes vendredi lors de la premi\u00e8re journ\u00e9e de Ligue 1, l\u2019OM va acc\u00e9l\u00e9rer sur le march\u00e9 des transferts pour finaliser deux \u00e0 trois recrues. Un milieu de terrain et un ailier pourraient vite d\u00e9barquer.<\/strong><\/p>\n<p class=\"p1\">D\u00e9j\u00e0 tr\u00e8s actif depuis le d\u00e9but du mercato, <a href=\"https:\/\/www.foot01.com\/equipe\/marseille\/\" rel=\"nofollow noopener\" target=\"_blank\">l\u2019Olympique de Marseille<\/a> a encore l\u2019intention de renforcer son effectif d\u2019ici au 31 ao\u00fbt. Au micro de Ligue1+ avant le match contre le Stade Rennais, le directeur du football Medhi Benatia a confirm\u00e9 que le club phoc\u00e9en cherchait encore au moins trois recrues. Un d\u00e9fenseur central, un ailier droit, un milieu de terrain et peut-\u00eatre m\u00eame un lat\u00e9ral gauche sont esp\u00e9r\u00e9s par l\u2019OM dans cette derni\u00e8re ligne droite. Et alors que l\u2019on pensait que le d\u00e9fenseur central \u00e9quatorien Joel Ordonez \u00e9tait la priorit\u00e9 absolue du board olympien, cela ne serait finalement pas si flagrant selon les informations relay\u00e9es par Jeunes Footeux.<\/p>\n<blockquote class=\"twitter-tweet\"><p>&#13;<\/p>\n<p lang=\"fr\" dir=\"ltr\">Apr\u00e8s Aubameyang, un autre ancien de l&rsquo;OM de retour ? <a href=\"https:\/\/t.co\/44qTlO9NIQ\" rel=\"nofollow\">https:\/\/t.co\/44qTlO9NIQ<\/a><\/p>\n<p>&#13;<br \/>\n\u2014 Foot01.com (@Foot01_com) <a href=\"https:\/\/twitter.com\/Foot01_com\/status\/1957140941543706893?ref_src=twsrc%5Etfw\" rel=\"nofollow noopener\" target=\"_blank\">August 17, 2025<\/a><\/p><\/blockquote>\n<p class=\"p1\">Le m\u00e9dia nous apprend qu\u2019en cas de vente de Jonathan Rowe, courtis\u00e9 par Rennes, la Roma ou encore l\u2019Atalanta, l\u2019OM souhaite prioritairement r\u00e9investir l&rsquo;argent r\u00e9colt\u00e9 sur Edon Zhegrova et Isma\u00ebl Bennacer. L\u2019\u00e9tat-major marseillais juge crucial de faire venir l\u2019international alg\u00e9rien pour amener un peu de concurrence \u00e0 Hojbjerg, Gomes et Rabiot au milieu de terrain. De m\u00eame, la venue de Zhegrova est per\u00e7ue comme une priorit\u00e9 afin de faire souffler Greenwood mais aussi dans le but d\u2019offrir plus de possibilit\u00e9s \u00e0 De Zerbi, en alignant potentiellement l\u2019actuel joueur de Lille \u00e0 droite et en recentrant Greenwood derri\u00e8re l\u2019attaquant.<\/p>\n<p>Zhegrova et Bennacer priorit\u00e9s de l&rsquo;OM, pas Ordonez ?<\/p>\n<p class=\"p1\">En revanche selon le m\u00e9dia, la piste Joel Ordonez \u00ab coince toujours avec le FC Bruges \u00bb, qui attend davantage de garanties financi\u00e8res de la part de l\u2019OM pour donner son feu vert, tandis que le solide d\u00e9fenseur central de la s\u00e9lection \u00e9quatorienne a lui d\u00e9j\u00e0 donn\u00e9 son accord pour signer \u00e0 Marseille. Quoi qu\u2019il en soit, la fin du mercato promet d\u2019\u00eatre agit\u00e9e dans la cit\u00e9 phoc\u00e9enne, o\u00f9 les mouvements devraient \u00eatre nombreux, aussi bien dans le sens des arriv\u00e9es que dans celui des d\u00e9parts. Pour rappel, Harit, Maupay, Moumbagna, Lirola ou encore Me\u00eft\u00e9 sont gentiment pouss\u00e9s vers la sortie et ne seront par cons\u00e9quent pas retenus en cas d&rsquo;offre lors de cette fin de mercato.<\/p>\n<p>          <script async src=\"https:\/\/platform.twitter.com\/widgets.js\" charset=\"utf-8\"><\/script><\/p>\n","protected":false},"excerpt":{"rendered":"Battu par Rennes vendredi lors de la premi\u00e8re journ\u00e9e de Ligue 1, l\u2019OM va acc\u00e9l\u00e9rer sur le march\u00e9&hellip;\n","protected":false},"author":2,"featured_media":326472,"comment_status":"","ping_status":"","sticky":false,"template":"","format":"standard","meta":{"footnotes":""},"categories":[2814],"tags":[1111,11,1777,674,1011,27,884,12,882,25],"class_list":{"0":"post-326471","1":"post","2":"type-post","3":"status-publish","4":"format-standard","5":"has-post-thumbnail","7":"category-marseille","8":"tag-actu","9":"tag-actualites","10":"tag-eu","11":"tag-europe","12":"tag-fr","13":"tag-france","14":"tag-marseille","15":"tag-news","16":"tag-provence-alpes-cote-dazur","17":"tag-republique-francaise"},"share_on_mastodon":{"url":"https:\/\/pubeurope.com\/@fr\/115048458746941757","error":""},"_links":{"self":[{"href":"https:\/\/www.europesays.com\/fr\/wp-json\/wp\/v2\/posts\/326471","targetHints":{"allow":["GET"]}}],"collection":[{"href":"https:\/\/www.europesays.com\/fr\/wp-json\/wp\/v2\/posts"}],"about":[{"href":"https:\/\/www.europesays.com\/fr\/wp-json\/wp\/v2\/types\/post"}],"author":[{"embeddable":true,"href":"https:\/\/www.europesays.com\/fr\/wp-json\/wp\/v2\/users\/2"}],"replies":[{"embeddable":true,"href":"https:\/\/www.europesays.com\/fr\/wp-json\/wp\/v2\/comments?post=326471"}],"version-history":[{"count":0,"href":"https:\/\/www.europesays.com\/fr\/wp-json\/wp\/v2\/posts\/326471\/revisions"}],"wp:featuredmedia":[{"embeddable":true,"href":"https:\/\/www.europesays.com\/fr\/wp-json\/wp\/v2\/media\/326472"}],"wp:attachment":[{"href":"https:\/\/www.europesays.com\/fr\/wp-json\/wp\/v2\/media?parent=326471"}],"wp:term":[{"taxonomy":"category","embeddable":true,"href":"https:\/\/www.europesays.com\/fr\/wp-json\/wp\/v2\/categories?post=326471"},{"taxonomy":"post_tag","embeddable":true,"href":"https:\/\/www.europesays.com\/fr\/wp-json\/wp\/v2\/tags?post=326471"}],"curies":[{"name":"wp","href":"https:\/\/api.w.org\/{rel}","templated":true}]}}