{"id":326474,"date":"2025-08-18T06:56:25","date_gmt":"2025-08-18T06:56:25","guid":{"rendered":"https:\/\/www.europesays.com\/fr\/326474\/"},"modified":"2025-08-18T06:56:25","modified_gmt":"2025-08-18T06:56:25","slug":"pres-de-lyon-une-personne-meurt-dans-une-violente-explosion-dun-immeuble","status":"publish","type":"post","link":"https:\/\/www.europesays.com\/fr\/326474\/","title":{"rendered":"Pr\u00e8s de Lyon. Une personne meurt dans une violente explosion d&rsquo;un immeuble"},"content":{"rendered":"<p>            Par<br \/>\n        <strong><br \/>\n            <a href=\"https:\/\/actu.fr\/auteur\/anthony-soudani\" title=\"Consulter tous les articles de Anthony Soudani\" target=\"_blank\" rel=\"noopener\">Anthony Soudani<\/a><br \/>\n        <\/strong><\/p>\n<p>        Publi\u00e9 le<\/p>\n<p>            18 ao\u00fbt 2025 \u00e0 8h15        <\/p>\n<p>Une <strong>explosion<\/strong> s\u2019est produite vers 3h30 du matin ce lunid 18 ao\u00fbt, dans le quartier des Minguettes de <a href=\"https:\/\/actu.fr\/auvergne-rhone-alpes\/venissieux_69259\/lyon-venissieux-un-pere-se-jette-du-3e-etage-avec-son-fils-on-en-sait-plus-sur-le-drame_62786213.html\" target=\"_blank\" rel=\"noopener\">V\u00e9nissieux<\/a>, dans la m\u00e9tropole de <a href=\"https:\/\/actu.fr\/lyon\/\" target=\"_blank\" rel=\"noopener\">Lyon<\/a>, \u00e0 la suite d\u2019une fuite de gaz dans un immeuble de sept \u00e9tages, qui se trouve au 9 avenue division Leclerc.<\/p>\n<p class=\" wall-content\"><strong>Une personne est morte.\u00a0<\/strong><\/p>\n<p class=\" wall-content\">\n<p class=\" wall-content\">Les sapeurs-pompiers sont rapidement intervenus sur les lieux pour ma\u00eetriser l\u2019incendie cons\u00e9cutif \u00e0 l\u2019explosion. Pas moins de 80 soldats du feu ainsi qu\u2019une trentaine de v\u00e9hicules ont \u00e9t\u00e9 d\u00e9p\u00each\u00e9s sur les lieux.<\/p>\n<p>D\u2019importants d\u00e9g\u00e2ts<\/p>\n<p class=\" wall-content\">Les d\u00e9g\u00e2ts sont importants.\u00a0<\/p>\n<p class=\" wall-content\">La Ville de V\u00e9nissieux va mener une op\u00e9ration de relogement pour les habitants de l\u2019immeuble.<\/p>\n<p>    <a href=\"https:\/\/www.google.com\/maps\/embed?pb=!1m18!1m12!1m3!1d2786.7542949233775!2d4.865162774926889!3d45.695902671078684!2m3!1f0!2f0!3f0!3m2!1i1024!2i768!4f13.1!3m3!1m2!1s0x47f4c27a75a99447%3A0x22966c501a8a6c5a!2s9%20Av.%20de%20la%20Division%20Leclerc%2C%2069200%20V%C3%A9nissieux!5e0!3m2!1sfr!2sfr!4v1755497542431!5m2!1sfr!2sfr\" title=\"Ouvrie le lien\" target=\"_blank\" rel=\"noopener\">Cliquez ici pour visualiser le contenu<\/a><\/p>\n<p class=\" wall-content\">Le Pr\u00e9fet d\u00e9l\u00e9gu\u00e9 du Rh\u00f4ne pour la d\u00e9fense et la s\u00e9curit\u00e9, Antoine Gu\u00e9rin, doit se rendre sur place dans la matin\u00e9e.<\/p>\n<p class=\" wall-content\">Suivez toute l\u2019actualit\u00e9 de vos villes et m\u00e9dias favoris en vous inscrivant \u00e0 <a href=\"https:\/\/moncompte.actu.fr\" title=\"D\u00e9couvez Mon Actu\" rel=\"nofollow noopener\" data-trk=\"{&quot;cta&quot;:{&quot;action&quot;:&quot;https:\\\/\\\/moncompte.actu.fr&quot;,&quot;category&quot;:&quot;mon compte&quot;,&quot;from&quot;:&quot;article footer&quot;,&quot;name&quot;:&quot;Mon actu&quot;,&quot;type&quot;:&quot;cta&quot;}}\" target=\"_blank\">Mon Actu<\/a>.<\/p>\n","protected":false},"excerpt":{"rendered":"Par Anthony Soudani Publi\u00e9 le 18 ao\u00fbt 2025 \u00e0 8h15 Une explosion s\u2019est produite vers 3h30 du matin&hellip;\n","protected":false},"author":2,"featured_media":326475,"comment_status":"","ping_status":"","sticky":false,"template":"","format":"standard","meta":{"footnotes":""},"categories":[1889],"tags":[1111,11,2430,1777,674,118,1011,27,1310,2428,12,1311,9450,25],"class_list":{"0":"post-326474","1":"post","2":"type-post","3":"status-publish","4":"format-standard","5":"has-post-thumbnail","7":"category-lyon","8":"tag-actu","9":"tag-actualites","10":"tag-auvergne-rhone-alpes","11":"tag-eu","12":"tag-europe","13":"tag-faits-divers","14":"tag-fr","15":"tag-france","16":"tag-incendie","17":"tag-lyon","18":"tag-news","19":"tag-pompiers","20":"tag-prefecture-du-rhone","21":"tag-republique-francaise"},"share_on_mastodon":{"url":"https:\/\/pubeurope.com\/@fr\/115048466562491568","error":""},"_links":{"self":[{"href":"https:\/\/www.europesays.com\/fr\/wp-json\/wp\/v2\/posts\/326474","targetHints":{"allow":["GET"]}}],"collection":[{"href":"https:\/\/www.europesays.com\/fr\/wp-json\/wp\/v2\/posts"}],"about":[{"href":"https:\/\/www.europesays.com\/fr\/wp-json\/wp\/v2\/types\/post"}],"author":[{"embeddable":true,"href":"https:\/\/www.europesays.com\/fr\/wp-json\/wp\/v2\/users\/2"}],"replies":[{"embeddable":true,"href":"https:\/\/www.europesays.com\/fr\/wp-json\/wp\/v2\/comments?post=326474"}],"version-history":[{"count":0,"href":"https:\/\/www.europesays.com\/fr\/wp-json\/wp\/v2\/posts\/326474\/revisions"}],"wp:featuredmedia":[{"embeddable":true,"href":"https:\/\/www.europesays.com\/fr\/wp-json\/wp\/v2\/media\/326475"}],"wp:attachment":[{"href":"https:\/\/www.europesays.com\/fr\/wp-json\/wp\/v2\/media?parent=326474"}],"wp:term":[{"taxonomy":"category","embeddable":true,"href":"https:\/\/www.europesays.com\/fr\/wp-json\/wp\/v2\/categories?post=326474"},{"taxonomy":"post_tag","embeddable":true,"href":"https:\/\/www.europesays.com\/fr\/wp-json\/wp\/v2\/tags?post=326474"}],"curies":[{"name":"wp","href":"https:\/\/api.w.org\/{rel}","templated":true}]}}