{"id":326490,"date":"2025-08-18T07:09:25","date_gmt":"2025-08-18T07:09:25","guid":{"rendered":"https:\/\/www.europesays.com\/fr\/326490\/"},"modified":"2025-08-18T07:09:25","modified_gmt":"2025-08-18T07:09:25","slug":"une-de-nos-tranchees-etait-orientee-dans-la-fausse-direction-largent-a-disparu-a-lest-de-lukraine-la-debacle-face-aux-russes","status":"publish","type":"post","link":"https:\/\/www.europesays.com\/fr\/326490\/","title":{"rendered":"\u00abUne de nos tranch\u00e9es \u00e9tait orient\u00e9e dans la fausse direction\u00bb; \u00abL\u2019argent a disparu\u00bb: \u00e0 l\u2019est de l\u2019Ukraine, la d\u00e9b\u00e2cle face aux Russes"},"content":{"rendered":"<p>    R\u00e9sum\u00e9 en 20 secondes<\/p>\n<p>        En savoir plus sur ce type de contenu<\/p>\n<p>Ce r\u00e9sum\u00e9 peut avoir \u00e9t\u00e9 \u00e9crit avec l&rsquo;assistance d\u2019une IA g\u00e9n\u00e9rative. <a href=\"https:\/\/www.letemps.ch\/cyber\/l-usage-de-l-ia-generative-par-les-journalistes-du-temps\" target=\"_blank\" rel=\"noopener\">En savoir plus<\/a><\/p>\n<p class=\"article__abstract-call-to-action\" data-ariato=\"TrackableElement\" data-trackable-element-type=\"article_abstract_cta\" data-trackable-element-location=\"article_header\" data-trackable-element-id=\"481149\">\n        <a data-event=\"click-&gt;clicked\" href=\"https:\/\/www.letemps.ch\/abonnements\" target=\"_blank\" rel=\"noopener\">Abonnez-vous<\/a> pour acc\u00e9der au r\u00e9sum\u00e9 en 20 secondes.\n      <\/p>\n<p>Pokrovsk\u00a0n\u2019est plus qu\u2019\u00e0 trois kilom\u00e8tres des soldats russes. Situ\u00e9e au sud de cette cit\u00e9 industrielle et mini\u00e8re du Donbass, la plus importante mine d\u2019Ukraine \u2013 la seule qui produise le charbon indispensable \u00e0 la fabrication de l\u2019acier \u2013 a finalement d\u00fb fermer le 12\u00a0d\u00e9cembre.<\/p>\n<p>Si la situation est mauvaise pour les Ukrainiens sur l\u2019ensemble du front, \u00e0 Pokrovsk et \u00e0 Kourakhove, elle est d\u00e9sesp\u00e9r\u00e9e. Les combattants ukrainiens sont encercl\u00e9s, les troupes forc\u00e9es de se replier sous les assauts r\u00e9p\u00e9t\u00e9s des Russes, et les soldats oblig\u00e9s de creuser leurs tranch\u00e9es sous le feu m\u00eame de l\u2019ennemi. Sans \u00eatre rapide, la progression russe est continue depuis f\u00e9vrier dernier, et s\u2019acc\u00e9l\u00e8re m\u00eame. Apr\u00e8s avoir longtemps minimis\u00e9 ses pertes territoriales, l\u2019arm\u00e9e ukrainienne admet une situation difficile. \u00abL\u2019ennemi doit urgemment \u00eatre stopp\u00e9 et la ligne de front stabilis\u00e9e\u00bb, d\u00e9clarait r\u00e9cemment Nazar Voloshyn, le porte-parole militaire pour l\u2019est de l\u2019Ukraine.<\/p>\n","protected":false},"excerpt":{"rendered":"R\u00e9sum\u00e9 en 20 secondes En savoir plus sur ce type de contenu Ce r\u00e9sum\u00e9 peut avoir \u00e9t\u00e9 \u00e9crit&hellip;\n","protected":false},"author":2,"featured_media":326491,"comment_status":"","ping_status":"","sticky":false,"template":"","format":"standard","meta":{"footnotes":""},"categories":[1590],"tags":[11,1777,674,12,301,132,220],"class_list":{"0":"post-326490","1":"post","2":"type-post","3":"status-publish","4":"format-standard","5":"has-post-thumbnail","7":"category-ukraine","8":"tag-actualites","9":"tag-eu","10":"tag-europe","11":"tag-news","12":"tag-premium","13":"tag-russie","14":"tag-ukraine"},"share_on_mastodon":{"url":"https:\/\/pubeurope.com\/@fr\/115048517806719202","error":""},"_links":{"self":[{"href":"https:\/\/www.europesays.com\/fr\/wp-json\/wp\/v2\/posts\/326490","targetHints":{"allow":["GET"]}}],"collection":[{"href":"https:\/\/www.europesays.com\/fr\/wp-json\/wp\/v2\/posts"}],"about":[{"href":"https:\/\/www.europesays.com\/fr\/wp-json\/wp\/v2\/types\/post"}],"author":[{"embeddable":true,"href":"https:\/\/www.europesays.com\/fr\/wp-json\/wp\/v2\/users\/2"}],"replies":[{"embeddable":true,"href":"https:\/\/www.europesays.com\/fr\/wp-json\/wp\/v2\/comments?post=326490"}],"version-history":[{"count":0,"href":"https:\/\/www.europesays.com\/fr\/wp-json\/wp\/v2\/posts\/326490\/revisions"}],"wp:featuredmedia":[{"embeddable":true,"href":"https:\/\/www.europesays.com\/fr\/wp-json\/wp\/v2\/media\/326491"}],"wp:attachment":[{"href":"https:\/\/www.europesays.com\/fr\/wp-json\/wp\/v2\/media?parent=326490"}],"wp:term":[{"taxonomy":"category","embeddable":true,"href":"https:\/\/www.europesays.com\/fr\/wp-json\/wp\/v2\/categories?post=326490"},{"taxonomy":"post_tag","embeddable":true,"href":"https:\/\/www.europesays.com\/fr\/wp-json\/wp\/v2\/tags?post=326490"}],"curies":[{"name":"wp","href":"https:\/\/api.w.org\/{rel}","templated":true}]}}