{"id":326492,"date":"2025-08-18T07:10:23","date_gmt":"2025-08-18T07:10:23","guid":{"rendered":"https:\/\/www.europesays.com\/fr\/326492\/"},"modified":"2025-08-18T07:10:23","modified_gmt":"2025-08-18T07:10:23","slug":"le-dome-dor-voulu-par-donald-trump-prend-forme-4-couches-antimissiles-pour-montrer-les-muscles","status":"publish","type":"post","link":"https:\/\/www.europesays.com\/fr\/326492\/","title":{"rendered":"Le \u00abD\u00f4me d&rsquo;or\u00bb voulu par Donald Trump prend forme : 4 couches antimissiles pour montrer les muscles"},"content":{"rendered":"<p>C\u2019est un <strong>projet astronomique<\/strong> qu\u2019a annonc\u00e9 Donald Trump \u00e0 la fin du mois de mai. Pour prot\u00e9ger les Etats-Unis, le pr\u00e9sident am\u00e9ricain souhaite <a href=\"https:\/\/www.capital.fr\/economie-politique\/donald-trump-annonce-la-construction-du-dome-dore-un-bouclier-anti-missile-a-175-milliards-1514050\" rel=\"nofollow noopener\" target=\"_blank\">un \u00abD\u00f4me d&rsquo;or\u00bb<\/a>, un peu sur le mod\u00e8le du <a href=\"https:\/\/www.capital.fr\/economie-politique\/le-dome-de-fer-israelien-sous-le-feu-des-critiques-son-prix-en-question-1515206\" rel=\"nofollow noopener\" target=\"_blank\">d\u00f4me de fer isra\u00e9lien<\/a>, et \u00abcapable d&rsquo;intercepter des missiles, m\u00eame s&rsquo;ils sont lanc\u00e9s de l&rsquo;autre c\u00f4t\u00e9 de la plan\u00e8te et m\u00eame s&rsquo;ils sont lanc\u00e9s depuis l&rsquo;espace\u00bb, a-t-il pr\u00e9cis\u00e9 le 20 mai dernier. Selon lui, il pourrait \u00eatre mis en service avant la fin de son mandat \u00e0 <strong>l\u2019horizon 2028<\/strong>.<\/p>\n<p>Dans la foul\u00e9e, le secr\u00e9taire d\u2019Etat \u00e0 la D\u00e9fense am\u00e9ricain avait pr\u00e9cis\u00e9 ses objectifs, \u00e0 savoir contrer toute attaque de \u00abmissile de croisi\u00e8re, balistique ou hypersonique, et de drones, qu\u2019ils soient conventionnels ou nucl\u00e9aires\u00bb. Estim\u00e9 \u00e0 plusieurs milliards de dollars, ce projet a \u00e9t\u00e9 d\u00e9taill\u00e9 la semaine derni\u00e8re, rapporte <a href=\"https:\/\/www.ladepeche.fr\/2025\/08\/14\/quatre-couches-de-defense-antimissiles-pour-proteger-les-etats-unis-le-dome-dor-de-donald-trump-prend-forme-12876315.php\" rel=\"nofollow noopener\" target=\"_blank\">La D\u00e9p\u00eache<\/a> \u00e0 plus de <strong>3 000 entreprises du secteur<\/strong> de la d\u00e9fense \u00e0 Huntsville (Alabama). Comment fonctionnerait ce d\u00f4me ? Avec quatre couches, vraisemblablement, une dans l\u2019espace et trois au sol.<\/p>\n<p>Un minimum de 175 milliards de dollars<\/p>\n<p>La couche spatiale permettrait de d\u00e9tecter les menaces et de donner l\u2019alerte, tandis que les couches terrestres serviraient \u00e0 <strong>d\u00e9truire les missiles ennemis<\/strong>. A ce jour, seuls deux sites de lancement existent, en Californie et en Alaska, et il faudrait donc construire un troisi\u00e8me dans le centre du pays. Toujours  selon les informations de nos confr\u00e8res, Donald Trump compte les \u00e9quiper de syst\u00e8mes nationaux, comme <a href=\"https:\/\/www.capital.fr\/economie-politique\/ukraine-trump-confirme-le-retour-du-soutien-americain-et-l-envoi-de-systemes-antiaeriens-patriot-1516138\" rel=\"nofollow noopener\" target=\"_blank\">le Patriot<\/a> de Raytheon (d\u00e9fense antimissile) et <strong>le THAAD de Lockheed Martin<\/strong> (aussi antimissiles).<\/p>\n<p>Des radars, lasers et intercepteurs pourraient compl\u00e9ter cet arsenal. Leur nombre reste encore \u00e0 pr\u00e9ciser, d\u2019autant que, pour compl\u00e9ter ce dispositif, onze <a href=\"https:\/\/www.capital.fr\/economie-politique\/la-chine-pourrait-facilement-dejouer-les-defenses-antimissiles-hypersoniques-americaines-1467791\" rel=\"nofollow noopener\" target=\"_blank\">batteries antimissiles<\/a> de courte port\u00e9e devraient \u00eatre d\u00e9ploy\u00e9es (dans tout le pays, en Alaska et \u00e0 Hawa\u00ef). Si le co\u00fbt global est estim\u00e9 \u00e0 175 milliards de dollars, <strong>la facture pourrait encore grimper<\/strong> un peu plus.<\/p>\n<p>\u00abLa Maison-Blanche et le Congr\u00e8s vont devoir se mettre d&rsquo;accord sur les montants \u00e0 d\u00e9penser et sur l&rsquo;origine des fonds\u00bb, expliquait une membre du Centre d&rsquo;\u00e9tudes strat\u00e9giques et internationales \u00e0 l\u2019AFP fin mai. Cette ann\u00e9e, le Congr\u00e8s a allou\u00e9 <strong>25 milliards de dollars<\/strong> au projet et en pr\u00e9voit 45 milliards de plus l\u2019an prochain. On est encore loin du compte, surtout si la facture grimpe. Le plan de mise en \u0153uvre doit \u00eatre pr\u00e9sent\u00e9 au plus tard le 15 f\u00e9vrier 2026.<\/p>\n","protected":false},"excerpt":{"rendered":"C\u2019est un projet astronomique qu\u2019a annonc\u00e9 Donald Trump \u00e0 la fin du mois de mai. Pour prot\u00e9ger les&hellip;\n","protected":false},"author":2,"featured_media":326493,"comment_status":"","ping_status":"","sticky":false,"template":"","format":"standard","meta":{"footnotes":""},"categories":[1589],"tags":[11,73,1866,12,1864,1865,1863,308],"class_list":{"0":"post-326492","1":"post","2":"type-post","3":"status-publish","4":"format-standard","5":"has-post-thumbnail","7":"category-etats-unis","8":"tag-actualites","9":"tag-etats-unis","10":"tag-etats-unis-damerique","11":"tag-news","12":"tag-united-states","13":"tag-united-states-of-america","14":"tag-us","15":"tag-usa"},"share_on_mastodon":{"url":"https:\/\/pubeurope.com\/@fr\/115048521789833870","error":""},"_links":{"self":[{"href":"https:\/\/www.europesays.com\/fr\/wp-json\/wp\/v2\/posts\/326492","targetHints":{"allow":["GET"]}}],"collection":[{"href":"https:\/\/www.europesays.com\/fr\/wp-json\/wp\/v2\/posts"}],"about":[{"href":"https:\/\/www.europesays.com\/fr\/wp-json\/wp\/v2\/types\/post"}],"author":[{"embeddable":true,"href":"https:\/\/www.europesays.com\/fr\/wp-json\/wp\/v2\/users\/2"}],"replies":[{"embeddable":true,"href":"https:\/\/www.europesays.com\/fr\/wp-json\/wp\/v2\/comments?post=326492"}],"version-history":[{"count":0,"href":"https:\/\/www.europesays.com\/fr\/wp-json\/wp\/v2\/posts\/326492\/revisions"}],"wp:featuredmedia":[{"embeddable":true,"href":"https:\/\/www.europesays.com\/fr\/wp-json\/wp\/v2\/media\/326493"}],"wp:attachment":[{"href":"https:\/\/www.europesays.com\/fr\/wp-json\/wp\/v2\/media?parent=326492"}],"wp:term":[{"taxonomy":"category","embeddable":true,"href":"https:\/\/www.europesays.com\/fr\/wp-json\/wp\/v2\/categories?post=326492"},{"taxonomy":"post_tag","embeddable":true,"href":"https:\/\/www.europesays.com\/fr\/wp-json\/wp\/v2\/tags?post=326492"}],"curies":[{"name":"wp","href":"https:\/\/api.w.org\/{rel}","templated":true}]}}