{"id":326494,"date":"2025-08-18T07:11:12","date_gmt":"2025-08-18T07:11:12","guid":{"rendered":"https:\/\/www.europesays.com\/fr\/326494\/"},"modified":"2025-08-18T07:11:12","modified_gmt":"2025-08-18T07:11:12","slug":"il-est-la-seule-personne-au-royaume-uni-qui","status":"publish","type":"post","link":"https:\/\/www.europesays.com\/fr\/326494\/","title":{"rendered":"\u201cIl est la seule personne au Royaume-Uni qui&#8230;\u201d"},"content":{"rendered":"<p>                                    <img decoding=\"async\" src=\"https:\/\/www.europesays.com\/fr\/wp-content\/uploads\/2025\/08\/71369dc7c9675b317c7ce00c7cb036e19e7bf33df276f4f81e519565656a11b2.jpg\" alt=\"GALA Roi Charles III\u00a0: ce qu'il faut conna\u00eetre\" class=\"a11y-hidden\" fetchpriority=\"high\"\/><\/p>\n<p class=\"fig-standfirst\">En montant sur le tr\u00f4ne, Charles III a sans surprise acc\u00e9d\u00e9 \u00e0 de nombreux avantages. Comme le souligne The Mirror, le monarque b\u00e9n\u00e9ficie par exemple d\u2019un \u00e9tonnant privil\u00e8ge lorsqu\u2019il voyage. Explications.<\/p>\n<p class=\"fig-paragraph\">Un passe-droit qui en ferait r\u00eaver plus d\u2019un. Dans un nouvel article dat\u00e9 de ce dimanche 17 ao\u00fbt,<a href=\"https:\/\/www.mirror.co.uk\/news\/royals\/royal-fans-gobmacked-after-only-35725289\" target=\"_blank\" rel=\"sponsored noopener nofollow\" data-gtm-custom-categorie=\"navigation\" data-gtm-custom-action=\"crossclick\" data-gtm-custom-label=\"Contextuel\" data-gtm-event=\"customEventSPE\">\u00a0The Mirror\u00a0<\/a>s\u2019int\u00e9resse\u00a0<a href=\"https:\/\/www.gala.fr\/l_actu\/news_de_stars\/charles-iii-passeport-permis-de-conduire-anniversaires-ses-nouveaux-privileges-de-roi_501833\" data-fig-type=\"Article\" data-gtm-custom-categorie=\"navigation\" data-gtm-custom-action=\"crossclick\" data-gtm-custom-label=\"Contextuel\" data-gtm-event=\"customEventSPE\" data-fig-domain=\"GALA\" rel=\"nofollow noopener\" target=\"_blank\">aux nombreux avantages dont b\u00e9n\u00e9ficie Charles III\u00a0<\/a>en \u00e9tant roi. En tant que monarque,<a href=\"http:\/\/www.gala.fr\/royautes\/harry-et-charles-iii-bientot-reconcilies-meme-exclu-le-prince-william-soutient-et-comprend-les-negociations-20250714\" data-fig-type=\"Article\" data-gtm-custom-categorie=\"navigation\" data-gtm-custom-action=\"crossclick\" data-gtm-custom-label=\"Contextuel\" data-gtm-event=\"customEventSPE\" data-fig-domain=\"GALA\" rel=\"nofollow noopener\" target=\"_blank\">\u00a0le p\u00e8re des princes William et Harry<\/a>\u00a0n\u2019a par exemple pas besoin de papiers justifiant son identit\u00e9 lorsqu\u2019il voyage. \u00abLe roi Charles n\u2019a pas de passeport ni de permis de conduire et peut toujours voyager librement dans le monde entier\u00bb, soulignent nos confr\u00e8res britanniques, en relayant une information r\u00e9cemment publi\u00e9e sur le forum \u00abToday I Learned\u00bb (TIL) de Reddit.\u00a0<\/p>\n<p class=\"fig-paragraph\">\u00c0 noter que cette r\u00e8gle ne s\u2019applique pas seulement aux s\u00e9jours qu\u2019il effectue dans les pays du Commonwealth. D\u00e8s lors qu\u2019il d\u00e9cide de se rendre \u00e0 l\u2019\u00e9tranger,<a href=\"http:\/\/www.gala.fr\/royautes\/charles-iii-et-camilla-embauchent-a-buckingham-ce-poste-a-hautes-responsabilites-a-pourvoir-20250806\" data-fig-type=\"Article\" data-gtm-custom-categorie=\"navigation\" data-gtm-custom-action=\"crossclick\" data-gtm-custom-label=\"Contextuel\" data-gtm-event=\"customEventSPE\" data-fig-domain=\"GALA\" rel=\"nofollow noopener\" target=\"_blank\">\u00a0l\u2019\u00e9poux de la reine Camilla<\/a>\u00a0n\u2019a pas \u00e0 subir de contr\u00f4le de passeport ou d\u2019un quelconque autre document, contrairement aux autres membres de la famille royale britannique qui en poss\u00e8dent un. \u00abEn tant que roi, il est \u00e9galement la seule personne au Royaume-Uni qui peut voyager sans passeport et conduire sans permis\u00bb, pr\u00e9cise National Geographic.\u00a0<\/p>\n<p>    <a href=\"#slideshow-header\"><\/p>\n<p class=\"fig-slideshow__title\">\n                    PHOTOS &#8211; Gr\u00e2ce \u00e0 Charles III, ce nid d\u2019amour royal est devenu un g\u00eete de luxe \u00e0 7500 euros la semaine\u00a0!\n                <\/p>\n<p>    <\/a><\/p>\n<p>                                    <a class=\"fig-a11y-skip a11y-hidden\" href=\"#fig-a11y-skip-main-inarticle\"><br \/>\n        Passer la publicit\u00e9<br \/>\n    <\/a><\/p>\n<p><strong>Charles III\u00a0: gros changement dans sa r\u00e9sidence de Sandringham, une transformation d\u2019ampleur\u00a0!<\/strong><\/p>\n<p class=\"fig-paragraph\">Depuis plusieurs d\u00e9cennies, Charles III<a href=\"https:\/\/www.gala.fr\/royautes\/charles-iii-ramasse-des-dechets-sur-la-plage-en-costume-cette-image-a-laquelle-on-ne-s-attendait-pas-20250710\" target=\"_blank\" data-fig-type=\"Article\" rel=\"noopener nofollow\" data-gtm-custom-categorie=\"navigation\" data-gtm-custom-action=\"crossclick\" data-gtm-custom-label=\"Contextuel\" data-gtm-event=\"customEventSPE\" data-fig-domain=\"GALA\">\u00a0prend fait et cause pour l\u2019environnement<\/a>. Devenu roi, il a d\u00e9cid\u00e9 que<a href=\"http:\/\/www.gala.fr\/l_actu\/news_de_stars\/mariah-carey-bientot-recue-a-sandringham-cette-demande-va-certainement-surprendre-charles-iii-20250809\" data-fig-type=\"Article\" data-gtm-custom-categorie=\"navigation\" data-gtm-custom-action=\"crossclick\" data-gtm-custom-label=\"Contextuel\" data-gtm-event=\"customEventSPE\" data-fig-domain=\"GALA\" rel=\"nofollow noopener\" target=\"_blank\">\u00a0sa r\u00e9sidence de Sandringham<\/a>\u00a0aurait\u00a0<a href=\"https:\/\/www.gala.fr\/l_actu\/news_de_stars\/charles-iii-plus-ecolo-que-jamais-le-roi-met-au-vert-son-domaine-de-sandringham_555976\" target=\"_blank\" data-fig-type=\"Article\" rel=\"noopener nofollow\" data-gtm-custom-categorie=\"navigation\" data-gtm-custom-action=\"crossclick\" data-gtm-custom-label=\"Contextuel\" data-gtm-event=\"customEventSPE\" data-fig-domain=\"GALA\">un fonctionnement plus \u00e9cologique que par le pass\u00e9<\/a>. Ainsi, l\u2019\u00e9poux de la reine Camilla a\u00a0<a href=\"http:\/\/www.gala.fr\/royautes\/charles-iii-gros-changement-dans-sa-residence-de-sandringham-une-transformation-d-ampleur-20250816\" data-fig-type=\"Article\" data-gtm-custom-categorie=\"navigation\" data-gtm-custom-action=\"crossclick\" data-gtm-custom-label=\"Contextuel\" data-gtm-event=\"customEventSPE\" data-fig-domain=\"GALA\" rel=\"nofollow noopener\" target=\"_blank\">fait installer de nombreux panneaux solaires<\/a>, qui permettent au\u00a0<a href=\"https:\/\/www.dailymail.co.uk\/news\/article-14998339\/King-Charles-solar-farm-Sandringham.html\" target=\"_blank\" rel=\"sponsored noopener nofollow\" data-gtm-custom-categorie=\"navigation\" data-gtm-custom-action=\"crossclick\" data-gtm-custom-label=\"Contextuel\" data-gtm-event=\"customEventSPE\">Daily Mail\u00a0<\/a> \u00a0de le renommer \u00able Roi Soleil\u00bb. Certains, comme lui, tirent b\u00e9n\u00e9fice de la canicule actuelle. Le tablo\u00efd observe que \u00able nouveau parc solaire du monarque, soucieux de l\u2019environnement, situ\u00e9 dans le Norfolk, alimente enti\u00e8rement son domaine de Sandringham, ainsi qu\u2019une petite partie restante pour alimenter le r\u00e9seau national\u00bb. Selon le m\u00e9dia britannique, c\u2019est en octobre dernier que Charles III a d\u00e9marr\u00e9 l\u2019installation de\u00a0\u00ab2 000 panneaux sur un ancien p\u00e2turage pour chevaux derri\u00e8re la r\u00e9sidence royale.\u00bb<\/p>\n<p class=\"fig-paragraph\">D\u2019une taille impressionnante de 2,3 hectares, le parc solaire mis en place par le p\u00e8re des princes Harry et William fournit un total de 2,1 MW d\u2019\u00e9nergie z\u00e9ro carbone<a href=\"https:\/\/www.gala.fr\/l_actu\/news_de_stars\/charles-iii-sa-residence-de-sandringham-fermee-en-raison-d-une-urgence-ce-que-l-on-sait-20250501\" target=\"_blank\" data-fig-type=\"Article\" rel=\"noopener nofollow\" data-gtm-custom-categorie=\"navigation\" data-gtm-custom-action=\"crossclick\" data-gtm-custom-label=\"Contextuel\" data-gtm-event=\"customEventSPE\" data-fig-domain=\"GALA\">\u00a0\u00e0 Sandringham House<\/a>. \u00abSa dur\u00e9e de vie op\u00e9rationnelle est de 40 ans, apr\u00e8s quoi le champ sera remis en p\u00e2turage pour chevaux\u00bb, indique dans les colonnes du Daily Mail\u00a0Rebecca English, laquelle pr\u00e9cise que les panneaux solaires, \u00abfabriqu\u00e9s en verre tremp\u00e9 et mont\u00e9s sur une structure en acier\u00bb, ne g\u00e2chent pas le paysage pour les 500 000 visiteurs annuels, car ils sont cach\u00e9s par des grands arbres. La pr\u00e9occupation de Charles pour l\u2019environnement ne date pas d\u2019hier. En effet, il \u00e9voquait d\u00e9j\u00e0 le sujet dans un discours prononc\u00e9 en 1968 alors que<a href=\"https:\/\/www.gala.fr\/royautes\/6-500-euros-la-semaine-charles-iii-met-en-location-l-une-des-maisons-preferees-d-elizabeth-ii-a-sandringham-20250717\" target=\"_blank\" data-fig-type=\"Article\" rel=\"noopener nofollow\" data-gtm-custom-categorie=\"navigation\" data-gtm-custom-action=\"crossclick\" data-gtm-custom-label=\"Contextuel\" data-gtm-event=\"customEventSPE\" data-fig-domain=\"GALA\">\u00a0le fils d\u2019Elizabeth II<\/a>\u00a0n\u2019avait que 20 ans. Cette mini-ferme \u00e9cologique n\u2019est donc pas une surprise.<\/p>\n","protected":false},"excerpt":{"rendered":"En montant sur le tr\u00f4ne, Charles III a sans surprise acc\u00e9d\u00e9 \u00e0 de nombreux avantages. Comme le souligne&hellip;\n","protected":false},"author":2,"featured_media":326495,"comment_status":"","ping_status":"","sticky":false,"template":"","format":"standard","meta":{"footnotes":""},"categories":[1588],"tags":[11,46337,1777,674,545,5861,12,46336,553,473,1853,1851,1850,1852],"class_list":{"0":"post-326494","1":"post","2":"type-post","3":"status-publish","4":"format-standard","5":"has-post-thumbnail","7":"category-royaume-uni","8":"tag-actualites","9":"tag-charles-dangleterre","10":"tag-eu","11":"tag-europe","12":"tag-famille-royale-britannique","13":"tag-gotha","14":"tag-news","15":"tag-privilege","16":"tag-roi","17":"tag-royaume-uni","18":"tag-royaume-uni-de-grande-bretagne-et-dirlande-du-nord","19":"tag-uk","20":"tag-united-kingdom","21":"tag-united-kingdom-of-great-britain-and-northern-ireland"},"share_on_mastodon":{"url":"https:\/\/pubeurope.com\/@fr\/115048525918040871","error":""},"_links":{"self":[{"href":"https:\/\/www.europesays.com\/fr\/wp-json\/wp\/v2\/posts\/326494","targetHints":{"allow":["GET"]}}],"collection":[{"href":"https:\/\/www.europesays.com\/fr\/wp-json\/wp\/v2\/posts"}],"about":[{"href":"https:\/\/www.europesays.com\/fr\/wp-json\/wp\/v2\/types\/post"}],"author":[{"embeddable":true,"href":"https:\/\/www.europesays.com\/fr\/wp-json\/wp\/v2\/users\/2"}],"replies":[{"embeddable":true,"href":"https:\/\/www.europesays.com\/fr\/wp-json\/wp\/v2\/comments?post=326494"}],"version-history":[{"count":0,"href":"https:\/\/www.europesays.com\/fr\/wp-json\/wp\/v2\/posts\/326494\/revisions"}],"wp:featuredmedia":[{"embeddable":true,"href":"https:\/\/www.europesays.com\/fr\/wp-json\/wp\/v2\/media\/326495"}],"wp:attachment":[{"href":"https:\/\/www.europesays.com\/fr\/wp-json\/wp\/v2\/media?parent=326494"}],"wp:term":[{"taxonomy":"category","embeddable":true,"href":"https:\/\/www.europesays.com\/fr\/wp-json\/wp\/v2\/categories?post=326494"},{"taxonomy":"post_tag","embeddable":true,"href":"https:\/\/www.europesays.com\/fr\/wp-json\/wp\/v2\/tags?post=326494"}],"curies":[{"name":"wp","href":"https:\/\/api.w.org\/{rel}","templated":true}]}}