{"id":326496,"date":"2025-08-18T07:12:10","date_gmt":"2025-08-18T07:12:10","guid":{"rendered":"https:\/\/www.europesays.com\/fr\/326496\/"},"modified":"2025-08-18T07:12:10","modified_gmt":"2025-08-18T07:12:10","slug":"les-permis-de-construire-dappartements-en-allemagne-augmentent-de-79-en-juin-alors-que-le-secteur-reste-fragile","status":"publish","type":"post","link":"https:\/\/www.europesays.com\/fr\/326496\/","title":{"rendered":"Les permis de construire d&rsquo;appartements en Allemagne augmentent de 7,9 % en juin alors que le secteur reste fragile"},"content":{"rendered":"<p>Les permis de construire pour des appartements en Allemagne ont augment\u00e9 de 7,9 % en juin par rapport \u00e0 l&rsquo;ann\u00e9e pr\u00e9c\u00e9dente, selon les donn\u00e9es publi\u00e9es lundi par l&rsquo;office f\u00e9d\u00e9ral de la statistique, alors que le secteur immobilier du pays, en difficult\u00e9, tente de retrouver son \u00e9quilibre.<\/p>\n<p>\nCette hausse mensuelle, bien que partant de niveaux bas, constitue une bonne nouvelle apr\u00e8s une baisse enregistr\u00e9e le mois pr\u00e9c\u00e9dent. Le secteur immobilier allemand traverse une p\u00e9riode morose depuis 2022.<\/p>\n","protected":false},"excerpt":{"rendered":"Les permis de construire pour des appartements en Allemagne ont augment\u00e9 de 7,9 % en juin par rapport&hellip;\n","protected":false},"author":2,"featured_media":326497,"comment_status":"","ping_status":"","sticky":false,"template":"","format":"standard","meta":{"footnotes":""},"categories":[1587],"tags":[11,672,340,1804,1805,1803,1777,674,1801,12,1802],"class_list":{"0":"post-326496","1":"post","2":"type-post","3":"status-publish","4":"format-standard","5":"has-post-thumbnail","7":"category-allemagne","8":"tag-actualites","9":"tag-allemagne","10":"tag-bourse","11":"tag-bundesrepublik-deutschland","12":"tag-de","13":"tag-deutschland","14":"tag-eu","15":"tag-europe","16":"tag-germany","17":"tag-news","18":"tag-republique-federale-dallemagne"},"share_on_mastodon":{"url":"https:\/\/pubeurope.com\/@fr\/115048529568843730","error":""},"_links":{"self":[{"href":"https:\/\/www.europesays.com\/fr\/wp-json\/wp\/v2\/posts\/326496","targetHints":{"allow":["GET"]}}],"collection":[{"href":"https:\/\/www.europesays.com\/fr\/wp-json\/wp\/v2\/posts"}],"about":[{"href":"https:\/\/www.europesays.com\/fr\/wp-json\/wp\/v2\/types\/post"}],"author":[{"embeddable":true,"href":"https:\/\/www.europesays.com\/fr\/wp-json\/wp\/v2\/users\/2"}],"replies":[{"embeddable":true,"href":"https:\/\/www.europesays.com\/fr\/wp-json\/wp\/v2\/comments?post=326496"}],"version-history":[{"count":0,"href":"https:\/\/www.europesays.com\/fr\/wp-json\/wp\/v2\/posts\/326496\/revisions"}],"wp:featuredmedia":[{"embeddable":true,"href":"https:\/\/www.europesays.com\/fr\/wp-json\/wp\/v2\/media\/326497"}],"wp:attachment":[{"href":"https:\/\/www.europesays.com\/fr\/wp-json\/wp\/v2\/media?parent=326496"}],"wp:term":[{"taxonomy":"category","embeddable":true,"href":"https:\/\/www.europesays.com\/fr\/wp-json\/wp\/v2\/categories?post=326496"},{"taxonomy":"post_tag","embeddable":true,"href":"https:\/\/www.europesays.com\/fr\/wp-json\/wp\/v2\/tags?post=326496"}],"curies":[{"name":"wp","href":"https:\/\/api.w.org\/{rel}","templated":true}]}}