{"id":326506,"date":"2025-08-18T07:17:15","date_gmt":"2025-08-18T07:17:15","guid":{"rendered":"https:\/\/www.europesays.com\/fr\/326506\/"},"modified":"2025-08-18T07:17:15","modified_gmt":"2025-08-18T07:17:15","slug":"fip-promises-wme-sports-paris-2025-la-france-vise-le-plus-grand-tournoi-jeunes-de-padel-au-monde","status":"publish","type":"post","link":"https:\/\/www.europesays.com\/fr\/326506\/","title":{"rendered":"FIP Promises WME Sports Paris 2025 : la France vise le plus grand tournoi jeunes de padel au monde"},"content":{"rendered":"<p class=\"intro\">\nDu <strong>31 octobre au 2 novembre 2025<\/strong>, le <strong>L\u00e9signy Tennis Padel Club<\/strong> (Seine-et-Marne) accueille la premi\u00e8re \u00e9dition du<br \/>\n<strong>FIP Promises WME Sports Paris<\/strong>, une comp\u00e9tition internationale d\u00e9di\u00e9e aux <strong>U14<\/strong>, <strong>U16<\/strong> et <strong>U18<\/strong><br \/>\n(filles et gar\u00e7ons), avec l\u2019ambition d\u2019en faire <strong>le plus grand tournoi jeunes de padel au monde<\/strong>.<\/p>\n<p>Des organisateurs de premier plan<\/p>\n<p>\nLe projet est port\u00e9 par trois acteurs majeurs du padel fran\u00e7ais :<br \/>\n<strong>Guillaume Sol\u00eds<\/strong> (vice-pr\u00e9sident de la Ligue \u00cele-de-France),<br \/>\n<strong>Jean-Thomas Peyrou<\/strong> (organisateur reconnu et directeur de la Big Padel Jet Academy)<br \/>\net <strong>Franck Binisti<\/strong> (fondateur de Padel Magazine).<br \/>\nL\u2019initiative est soutenue par la <strong>F\u00e9d\u00e9ration Fran\u00e7aise de Tennis<\/strong> et la <strong>Ligue \u00cele-de-France<\/strong>,<br \/>\navec le partenariat de <strong>WME Sports<\/strong>, acteur mondial du management sportif.<\/p>\n<blockquote>\n<p><strong>Guillaume Sol\u00eds<\/strong> : \u00ab La France a les infrastructures et les comp\u00e9tences pour accueillir les plus belles comp\u00e9titions jeunes au monde.<br \/>\nLes tournois internationaux existants ne donnent pas enti\u00e8re satisfaction ; nous voulons proposer une \u00e9preuve unique o\u00f9 les meilleurs jeunes seront pr\u00e9sents. \u00bb<\/p>\n<\/blockquote>\n<blockquote>\n<p><strong>Jean-Thomas Peyrou<\/strong> : \u00ab Il est temps de mettre l\u2019accent sur les jeunes. La France dispose d\u2019un vivier important de tr\u00e8s bons joueurs.<br \/>\nCette comp\u00e9tition peut devenir l\u2019un des tremplins vers le plus haut niveau. \u00bb<\/p>\n<\/blockquote>\n<blockquote>\n<p><strong>Franck Binisti<\/strong> : \u00ab Ce tournoi offrira peut-\u00eatre aux jeunes la chance de trouver un partenaire de renom pour la suite de leur carri\u00e8re.<br \/>\nLes joueurs seront accueillis comme des professionnels : une premi\u00e8re saveur avant le circuit pro, toujours plus exigeant. \u00bb<\/p>\n<\/blockquote>\n<p>Une ouverture internationale affirm\u00e9e<\/p>\n<p>\nContrairement aux comp\u00e9titions nationales comme les <strong>TNJ<\/strong>, le <strong>FIP Promises WME Sports Paris<\/strong> vise un plateau<br \/>\n<strong>international<\/strong>, avec des \u00e9changes engag\u00e9s aupr\u00e8s d\u2019<strong>acad\u00e9mies espagnoles<\/strong> et de <strong>f\u00e9d\u00e9rations \u00e9trang\u00e8res<\/strong><br \/>\npour attirer les meilleurs espoirs du <strong>padel<\/strong>.<\/p>\n<p>Programme et format<\/p>\n<ul>\n<li><strong>Inscriptions<\/strong> : ouvertes jusqu\u2019au <strong>15 octobre<\/strong> sur le site de la F\u00e9d\u00e9ration Internationale de Padel.<\/li>\n<li><strong>Qualifications<\/strong> : jeudi <strong>30<\/strong> et vendredi <strong>31 octobre<\/strong>.<\/li>\n<li><strong>Tableau final<\/strong> : samedi <strong>1er<\/strong> et dimanche <strong>2 novembre<\/strong>.<\/li>\n<li><strong>Cat\u00e9gories<\/strong> : <strong>U14<\/strong>, <strong>U16<\/strong>, <strong>U18<\/strong> \u2013 filles et gar\u00e7ons.<\/li>\n<\/ul>\n<p>Un club parfaitement adapt\u00e9<\/p>\n<p>\nLe <strong>L\u00e9signy Tennis Padel Club<\/strong> offre des infrastructures d\u00e9di\u00e9es :<\/p>\n<ul>\n<li><strong>6 pistes de padel<\/strong><\/li>\n<li><strong>2 vestiaires<\/strong> spacieux<\/li>\n<li>Espace <strong>bar &amp; restauration<\/strong>, <strong>foodtrucks<\/strong> et <strong>terrasse<\/strong><\/li>\n<li>Espace <strong>animations<\/strong> pour tous<\/li>\n<li><strong>Parking gratuit<\/strong><\/li>\n<\/ul>\n<p>Un \u00e9v\u00e9nement gratuit et festif<\/p>\n<p>\nL\u2019acc\u00e8s public est <strong>gratuit<\/strong>. Au programme : <strong>village partenaires<\/strong>,<br \/>\n<strong>tournoi pro-amateurs<\/strong> (professionnels &amp; c\u00e9l\u00e9brit\u00e9s), <strong>animations<\/strong> et <strong>initiations<\/strong>.<br \/>\nDes <strong>services joueurs<\/strong> sont pr\u00e9vus : <strong>h\u00e9bergement<\/strong>, <strong>transport<\/strong>, <strong>fitness<\/strong>, <strong>kin\u00e9<\/strong>.<\/p>\n<p>Un tremplin vers le plus haut niveau<\/p>\n<p>\nCette premi\u00e8re \u00e9dition a vocation \u00e0 devenir un rendez-vous <strong>incontournable<\/strong> du <strong>padel jeune<\/strong><br \/>\nen France et \u00e0 l\u2019international, avec une ambition claire : s\u2019imposer comme <strong>le plus grand tournoi jeunes au monde<\/strong>.<\/p>\n<p>  <img loading=\"lazy\" decoding=\"async\" data-del=\"avatar\" alt=\"Team Padel Mag\" src=\"https:\/\/www.europesays.com\/fr\/wp-content\/uploads\/2025\/08\/Padel-Magazine-logo_normal-100x100.png\" class=\"avatar pp-user-avatar avatar-100 photo \" height=\"100\" width=\"100\"\/><\/p>\n<p>L\u2019\u00e9quipe Padel Magazine tente de vous offrir depuis 2013 le meilleur du padel, mais aussi des enqu\u00eates, des analyses pour essayer de comprendre le monde du padel. Du jeu \u00e0 la politique de notre sport, Padel Magazine est \u00e0 votre service.<\/p>\n<p class=\"related-title\">Sur le m\u00eame sujet<\/p>\n","protected":false},"excerpt":{"rendered":"Du 31 octobre au 2 novembre 2025, le L\u00e9signy Tennis Padel Club (Seine-et-Marne) accueille la premi\u00e8re \u00e9dition du&hellip;\n","protected":false},"author":2,"featured_media":326507,"comment_status":"","ping_status":"","sticky":false,"template":"","format":"standard","meta":{"footnotes":""},"categories":[4],"tags":[11,46342,46343,1011,27,12,25],"class_list":{"0":"post-326506","1":"post","2":"type-post","3":"status-publish","4":"format-standard","5":"has-post-thumbnail","7":"category-france","8":"tag-actualites","9":"tag-fip-promises","10":"tag-fip-promises-paris","11":"tag-fr","12":"tag-france","13":"tag-news","14":"tag-republique-francaise"},"share_on_mastodon":{"url":"https:\/\/pubeurope.com\/@fr\/115048549275729645","error":""},"_links":{"self":[{"href":"https:\/\/www.europesays.com\/fr\/wp-json\/wp\/v2\/posts\/326506","targetHints":{"allow":["GET"]}}],"collection":[{"href":"https:\/\/www.europesays.com\/fr\/wp-json\/wp\/v2\/posts"}],"about":[{"href":"https:\/\/www.europesays.com\/fr\/wp-json\/wp\/v2\/types\/post"}],"author":[{"embeddable":true,"href":"https:\/\/www.europesays.com\/fr\/wp-json\/wp\/v2\/users\/2"}],"replies":[{"embeddable":true,"href":"https:\/\/www.europesays.com\/fr\/wp-json\/wp\/v2\/comments?post=326506"}],"version-history":[{"count":0,"href":"https:\/\/www.europesays.com\/fr\/wp-json\/wp\/v2\/posts\/326506\/revisions"}],"wp:featuredmedia":[{"embeddable":true,"href":"https:\/\/www.europesays.com\/fr\/wp-json\/wp\/v2\/media\/326507"}],"wp:attachment":[{"href":"https:\/\/www.europesays.com\/fr\/wp-json\/wp\/v2\/media?parent=326506"}],"wp:term":[{"taxonomy":"category","embeddable":true,"href":"https:\/\/www.europesays.com\/fr\/wp-json\/wp\/v2\/categories?post=326506"},{"taxonomy":"post_tag","embeddable":true,"href":"https:\/\/www.europesays.com\/fr\/wp-json\/wp\/v2\/tags?post=326506"}],"curies":[{"name":"wp","href":"https:\/\/api.w.org\/{rel}","templated":true}]}}