{"id":326510,"date":"2025-08-18T07:20:36","date_gmt":"2025-08-18T07:20:36","guid":{"rendered":"https:\/\/www.europesays.com\/fr\/326510\/"},"modified":"2025-08-18T07:20:36","modified_gmt":"2025-08-18T07:20:36","slug":"un-grand-projet-pour-le-stade-se-precise-une-excellente-nouvelle-pour-les-fans","status":"publish","type":"post","link":"https:\/\/www.europesays.com\/fr\/326510\/","title":{"rendered":"un grand projet pour le stade se pr\u00e9cise, une excellente nouvelle pour les fans"},"content":{"rendered":"<p>Le Stade Toulousain veut continuer \u00e0 grandir. Revenu sur le devant de la sc\u00e8ne depuis 2019 et le premier sacre de la g\u00e9n\u00e9ration entra\u00een\u00e9e par Ugo Mola, le club le plus titr\u00e9 du rugby fran\u00e7ais n\u2019en finit plus de garnir son palmar\u00e8s. Antoine Dupont et ses co\u00e9quipiers comptent ainsi cinq Boucliers de Brennus et deux Champions Cup et semblent loin d\u2019\u00eatre rassasi\u00e9.<\/p>\n<p>Pour p\u00e9renniser ces succ\u00e8s, la direction planche sur diff\u00e9rents projets. L\u2019un des principaux concerne l\u2019agrandissement d\u2019Ernest-Wallon. D\u2019une capacit\u00e9 de 19 000 places, l\u2019\u00e9crin fait le plein \u00e0 chaque rencontre et semble devenu \u00ab\u00a0petit\u00a0\u00bb pour les ambitions du Stade Toulousain. Si les d\u00e9localisations fr\u00e9quentes au Stadium permettent de r\u00e9pondre aux demandes des fans, Didier Lacroix planche sur le sujet.<\/p>\n<p>La capacit\u00e9 d\u2019Ernest-Wallon passerait \u00e0 25 000 places<\/p>\n<p>Comme le rapporte <a href=\"https:\/\/www.rugbyrama.fr\/2025\/08\/15\/top-14-capacite-infrastructure-ambiance-ernest-wallon-la-derniere-limite-du-stade-toulousain-12876396.php\" rel=\"nofollow noopener\" target=\"_blank\">Midi Olympique<\/a>, le Stade Toulousain entend porter la capacit\u00e9 d\u2019Ernest-Wallon \u00e0 25 000 places. Avec l\u2019arriv\u00e9e du m\u00e9tro \u00e0 proximit\u00e9 de l\u2019enceinte, tout semble s\u2019aligner pour que le projet voit le jour. La mairie de Toulouse et la M\u00e9tropole vont ainsi aider \u00e0 ce chantier avec un engagement financier de 20 millions d\u2019euros. L\u2019id\u00e9e est de d\u00e9marrer les travaux en 2026 pour une fin avant 2030.<\/p>\n<p>Partagez cette info avec vos amis et vos proches en cliquant ici<br \/>Pour r\u00e9sumer<\/p>\n<p>Depuis plusieurs mois, le Stade Toulousain travaille main dans la main avec la ville et la m\u00e9tropole pour agrandir Ernest-Wallon. Le projet semble peu \u00e0 peu se concr\u00e9tiser et pourrait voir le jour \u00e0 la fin des ann\u00e9es 2020.<\/p>\n<p> <img decoding=\"async\" width=\"76\" height=\"76\" loading=\"lazy\" src=\"https:\/\/www.europesays.com\/fr\/wp-content\/uploads\/2025\/04\/avatar-quinze.png\" alt=\"Arnaud D\u00e9chelotte\"\/><\/p>\n","protected":false},"excerpt":{"rendered":"Le Stade Toulousain veut continuer \u00e0 grandir. Revenu sur le devant de la sc\u00e8ne depuis 2019 et le&hellip;\n","protected":false},"author":2,"featured_media":326511,"comment_status":"","ping_status":"","sticky":false,"template":"","format":"standard","meta":{"footnotes":""},"categories":[1416],"tags":[1011,27,479,1468,60],"class_list":{"0":"post-326510","1":"post","2":"type-post","3":"status-publish","4":"format-standard","5":"has-post-thumbnail","7":"category-rugby","8":"tag-fr","9":"tag-france","10":"tag-rugby","11":"tag-rugby-football","12":"tag-sports"},"share_on_mastodon":{"url":"https:\/\/pubeurope.com\/@fr\/115048560971592577","error":""},"_links":{"self":[{"href":"https:\/\/www.europesays.com\/fr\/wp-json\/wp\/v2\/posts\/326510","targetHints":{"allow":["GET"]}}],"collection":[{"href":"https:\/\/www.europesays.com\/fr\/wp-json\/wp\/v2\/posts"}],"about":[{"href":"https:\/\/www.europesays.com\/fr\/wp-json\/wp\/v2\/types\/post"}],"author":[{"embeddable":true,"href":"https:\/\/www.europesays.com\/fr\/wp-json\/wp\/v2\/users\/2"}],"replies":[{"embeddable":true,"href":"https:\/\/www.europesays.com\/fr\/wp-json\/wp\/v2\/comments?post=326510"}],"version-history":[{"count":0,"href":"https:\/\/www.europesays.com\/fr\/wp-json\/wp\/v2\/posts\/326510\/revisions"}],"wp:featuredmedia":[{"embeddable":true,"href":"https:\/\/www.europesays.com\/fr\/wp-json\/wp\/v2\/media\/326511"}],"wp:attachment":[{"href":"https:\/\/www.europesays.com\/fr\/wp-json\/wp\/v2\/media?parent=326510"}],"wp:term":[{"taxonomy":"category","embeddable":true,"href":"https:\/\/www.europesays.com\/fr\/wp-json\/wp\/v2\/categories?post=326510"},{"taxonomy":"post_tag","embeddable":true,"href":"https:\/\/www.europesays.com\/fr\/wp-json\/wp\/v2\/tags?post=326510"}],"curies":[{"name":"wp","href":"https:\/\/api.w.org\/{rel}","templated":true}]}}