{"id":326518,"date":"2025-08-18T07:25:11","date_gmt":"2025-08-18T07:25:11","guid":{"rendered":"https:\/\/www.europesays.com\/fr\/326518\/"},"modified":"2025-08-18T07:25:11","modified_gmt":"2025-08-18T07:25:11","slug":"la-victoire-de-pauline-ferrand-prevot-sur-le-tour-de-france-racontee-dans-ce-docu-emouvant","status":"publish","type":"post","link":"https:\/\/www.europesays.com\/fr\/326518\/","title":{"rendered":"La victoire de Pauline Ferrand-Pr\u00e9vot sur le Tour de France racont\u00e9e dans ce docu \u00e9mouvant"},"content":{"rendered":"<p>        <img decoding=\"async\" loading=\"lazy\" src=\"https:\/\/www.europesays.com\/fr\/wp-content\/uploads\/2025\/08\/3c7ab08_upload-1-vsy5eaprq33y-afp-20250803-68n76ac-v5-highres-topshotcyclingfratdf2025womenstage9.jp.jpeg\"  width=\"728\" height=\"410\" alt=\"D\u00e8s sa premi\u00e8re participation au Tour de France femmes,\u00a0Pauline Ferrand-Pr\u00e9vot\u00a0a remport\u00e9 le 3\u00a0ao\u00fbt la plus grande course du monde \u00e0 Ch\u00e2tel, en Haute-Savoie.\"\/>  <\/p>\n<p>JULIEN DE ROSA \/ AFP<\/p>\n<p>D\u00e8s sa premi\u00e8re participation au Tour de France femmes,\u00a0Pauline Ferrand-Pr\u00e9vot\u00a0a remport\u00e9 le 3\u00a0ao\u00fbt la plus grande course du monde \u00e0 Ch\u00e2tel, en Haute-Savoie.<\/p>\n<p class=\"asset asset-text\">SPORT &#8211; Un exploit qui m\u00e9ritait bien d\u2019\u00eatre immortalis\u00e9. D\u00e8s sa premi\u00e8re participation au <a href=\"https:\/\/www.huffingtonpost.fr\/sport\/article\/de-l-obsession-des-jo-au-reve-du-tour-de-france-pauline-ferrand-prevot-une-championne-hors-normes_253232.html\" target=\"_blank\" rel=\"noopener\">Tour de France femmes<\/a>, <a href=\"https:\/\/www.huffingtonpost.fr\/sport\/article\/paris-roubaix-cette-photo-de-la-cheville-infectee-de-pauline-ferrand-prevot-en-dit-long-sur-sa-victoire_248755.html\" target=\"_blank\" rel=\"noopener\">Pauline Ferrand-Pr\u00e9vot<\/a>\u00a0a remport\u00e9 le 3\u00a0ao\u00fbt la plus grande course du monde \u00e0 Ch\u00e2tel, en Haute-Savoie, au terme de neuf jours d\u2019un combat somptueux. Un triomphe l\u2019installant d\u00e9finitivement parmi les l\u00e9gendes du sport fran\u00e7ais.<\/p>\n<p class=\"asset asset-text\">La R\u00e9moise, qui avait d\u00e9croch\u00e9 l\u2019or olympique en VTT, \u00ab\u00a0sa qu\u00eate ultime\u00a0\u00bb, il y a \u00e0 peine plus d\u2019un an au Jeux de Paris-2024, fait l\u2019objet d\u2019un documentaire diffus\u00e9 sur Youtube ce samedi 16\u00a0ao\u00fbt par son \u00e9quipe, la Visma-Lease a bike. Intitul\u00e9 Un r\u00eave d\u2019enfant, le court-m\u00e9trage d\u2019une trentaine de minutes raconte les coulisses de Tour de France Femmes 2025.<\/p>\n<p class=\"asset asset-text\">\u00ab\u00a0Quand j\u2019\u00e9tais petite, je suivais le Tour de France (masculin, ndlr). C\u2019\u00e9tait mon r\u00eave de participer \u00e0 cette course\u00a0\u00bb, d\u00e9clare Pauline Ferrand-Pr\u00e9vot d\u00e8s le d\u00e9but <strong>de la vid\u00e9o ci-dessous. <\/strong>Star de ce Tour, relanc\u00e9 dans une version f\u00e9minine en 2022, la cycliste est applaudie par une horde de petites filles pour qui elle est devenue un mod\u00e8le.<\/p>\n<p> La lecture de ce contenu est susceptible d\u2019entra\u00eener un d\u00e9p\u00f4t de cookies de la part de l\u2019op\u00e9rateur tiers qui l\u2019h\u00e9berge. Compte-tenu des choix que vous avez exprim\u00e9s en mati\u00e8re de d\u00e9p\u00f4t de cookies, nous avons bloqu\u00e9 l\u2019affichage de ce contenu. Si vous souhaitez y acc\u00e9der, vous devez accepter la cat\u00e9gorie de cookies \u201cContenus tiers\u201d en cliquant sur le bouton ci-dessous. <\/p>\n<p> Lire la Vid\u00e9o              <\/p>\n<p class=\"asset asset-text\">La relation entre la coureuse et ses co\u00e9quipi\u00e8res est au c\u0153ur de ce film, qui d\u00e9voile des images\u00a0dans l\u2019intimit\u00e9 de la formation n\u00e9erlandaise. Dans un bus, on voit Pauline Ferrand-Pr\u00e9vot les motiver\u00a0: \u00ab\u00a0Quel que soit le r\u00e9sultat, on doit donner le meilleur de nous-m\u00eame et \u00eatre fi\u00e8res apr\u00e8s la course.\u00a0\u00bb Avant d\u2019insister aupr\u00e8s de ses six partenaires\u00a0: \u00ab\u00a0Je pense que chacune a un r\u00f4le clef, on n\u2019abandonne pas\u00a0!\u00a0\u00bb<\/p>\n<p class=\"asset asset-text\">Et ses co\u00e9quipi\u00e8res, dont la l\u00e9gendaire N\u00e9erlandaise Marianne Vos, le lui rendent bien. \u00ab\u00a0Tu es la meilleure, tu es notre h\u00e9ro\u00efne\u00a0\u00bb, lui glissent-elles lorsque celle qui est surnomm\u00e9e \u00ab\u00a0PFP\u00a0\u00bb enfile enfin le maillot jaune.<\/p>\n<p>    \u00ab\u00a0Ce sont des souvenirs pour toute la vie.\u00a0\u00bb    <\/p>\n<p class=\"asset asset-text\">Comme le souligne <a href=\"https:\/\/www.ouest-france.fr\/sport\/cyclisme\/pauline-ferrand-prevot\/tour-de-france-femmes-visma-sort-un-documentaire-sur-le-sacre-de-pauline-ferrand-prevot-91c51332-7b41-11f0-918c-237d7f802514\" target=\"_blank\" rel=\"noopener\" title=\"Nouvelle fen\u00eatre\">Ouest France<\/a>, un gros focus est \u00e9galement fait sur la grimpeuse normande Marion Bunel, tout juste 20\u00a0ans et qui a grandement contribu\u00e9 \u00e0 la victoire d\u00e9cisive de Pauline Ferrand-Pr\u00e9vot au sommet du col de la Madeleine.<\/p>\n<p class=\"asset asset-text\">Dans ce reportage, rien n\u2019est oubli\u00e9 de la semaine inoubliable de la premi\u00e8re Fran\u00e7aise \u00e0 remporter le Tour de France, du top d\u00e9part sur les routes bretonnes de Vannes jusqu\u2019aux encouragements de ses parents venus la ravitailler dans les Alpes avant son sacre.<\/p>\n<p class=\"asset asset-text\">Des images touchantes qui rappellent que r\u00e9aliser ses r\u00eaves d\u2019enfant est possible avec de la d\u00e9termination (et une \u00e9quipe en or). Et comme le dit si bien Pauline Ferrand-Pr\u00e9vot\u00a0dans ses derniers mots du documentaire\u00a0: \u00ab\u00a0Ce sont des souvenirs pour toute la vie.\u00a0\u00bb<\/p>\n","protected":false},"excerpt":{"rendered":"JULIEN DE ROSA \/ AFP D\u00e8s sa premi\u00e8re participation au Tour de France femmes,\u00a0Pauline Ferrand-Pr\u00e9vot\u00a0a remport\u00e9 le 3\u00a0ao\u00fbt&hellip;\n","protected":false},"author":2,"featured_media":326519,"comment_status":"","ping_status":"","sticky":false,"template":"","format":"standard","meta":{"footnotes":""},"categories":[1411],"tags":[1154,207,1190,1011,27,517,60,210],"class_list":{"0":"post-326518","1":"post","2":"type-post","3":"status-publish","4":"format-standard","5":"has-post-thumbnail","7":"category-cyclisme","8":"tag-cycling","9":"tag-cyclisme","10":"tag-documentaire","11":"tag-fr","12":"tag-france","13":"tag-sport","14":"tag-sports","15":"tag-tour-de-france"},"share_on_mastodon":{"url":"https:\/\/pubeurope.com\/@fr\/115048580600834364","error":""},"_links":{"self":[{"href":"https:\/\/www.europesays.com\/fr\/wp-json\/wp\/v2\/posts\/326518","targetHints":{"allow":["GET"]}}],"collection":[{"href":"https:\/\/www.europesays.com\/fr\/wp-json\/wp\/v2\/posts"}],"about":[{"href":"https:\/\/www.europesays.com\/fr\/wp-json\/wp\/v2\/types\/post"}],"author":[{"embeddable":true,"href":"https:\/\/www.europesays.com\/fr\/wp-json\/wp\/v2\/users\/2"}],"replies":[{"embeddable":true,"href":"https:\/\/www.europesays.com\/fr\/wp-json\/wp\/v2\/comments?post=326518"}],"version-history":[{"count":0,"href":"https:\/\/www.europesays.com\/fr\/wp-json\/wp\/v2\/posts\/326518\/revisions"}],"wp:featuredmedia":[{"embeddable":true,"href":"https:\/\/www.europesays.com\/fr\/wp-json\/wp\/v2\/media\/326519"}],"wp:attachment":[{"href":"https:\/\/www.europesays.com\/fr\/wp-json\/wp\/v2\/media?parent=326518"}],"wp:term":[{"taxonomy":"category","embeddable":true,"href":"https:\/\/www.europesays.com\/fr\/wp-json\/wp\/v2\/categories?post=326518"},{"taxonomy":"post_tag","embeddable":true,"href":"https:\/\/www.europesays.com\/fr\/wp-json\/wp\/v2\/tags?post=326518"}],"curies":[{"name":"wp","href":"https:\/\/api.w.org\/{rel}","templated":true}]}}