{"id":326520,"date":"2025-08-18T07:26:10","date_gmt":"2025-08-18T07:26:10","guid":{"rendered":"https:\/\/www.europesays.com\/fr\/326520\/"},"modified":"2025-08-18T07:26:10","modified_gmt":"2025-08-18T07:26:10","slug":"il-humilie-erling-haaland-et-signe-au-psg","status":"publish","type":"post","link":"https:\/\/www.europesays.com\/fr\/326520\/","title":{"rendered":"Il humilie Erling Haaland et signe au PSG !"},"content":{"rendered":"<p>                    Arthur Montagne<br \/>\n                        &#8211;<\/p>\n<p>Journaliste<\/p>\n<p>Affam\u00e9 de sport, il a grandi au son des moteurs de Formule 1 et des exploits de Ronaldinho. Aujourd\u2019hui, diplom\u00e9 d&rsquo;un Master de journalisme de sport, il ne rate plus un Grand Prix de F1 ni un match du PSG, ses deux passions et sp\u00e9cialit\u00e9s<\/p>\n<p class=\"heading\">Cet \u00e9t\u00e9, le PSG ne s&rsquo;est pas montr\u00e9 particuli\u00e8rement actif, mais a tout de m\u00eame r\u00e9alis\u00e9 un joli coup en recrutant Illia Zabarnyi pour environ 66M\u20ac, bonus compris. Et \u00e0 en croire un sp\u00e9cialiste du football ukrainien, les Parisiens ne vont pas le regretter, Zabarnyi ayant notamment musel\u00e9 \u00e0 plusieurs reprises un certain Erling Haaland.<\/p>\n<p>Recrut\u00e9 pour environ 66M\u20ac bonus compris, <strong>Illia Zabarnyi<\/strong> a d\u00e9barqu\u00e9 au <strong>PSG <\/strong>cet \u00e9t\u00e9 avec l&rsquo;objectif de s&rsquo;imposer dans la dur\u00e9e \u00e0 Paris. <strong>Andrew Todos<\/strong>, journaliste anglo-ukrainien qui l\u2019a suivi en <strong>Premier League<\/strong> avec <strong>Bournemouth<\/strong>, rappelle d&rsquo;ailleurs que l&rsquo;ancien roc du <strong>Dynamo Kiev <\/strong>a parfait contenu <strong>Erling Haaland<\/strong> \u00e0 chaque fois qu&rsquo;il a du affronter <strong>Manchester City<\/strong>.<\/p>\n<p>                                            Zabarnyi avait \u00e9c\u0153ur\u00e9 Haaland<\/p>\n<p>\u00ab Je dirais qu\u2019il est assez calme, serein balle au pied, il distribue bien le ballon pour un d\u00e9fenseur central, il peut lancer des offensives. Il sait casser les lignes. Il est bon sur les tacles et dans les duels, il sait aussi anticiper les trajectoires. En g\u00e9n\u00e9ral, je pense qu\u2019il est bon pour se coordonner avec ses co\u00e9quipiers de la d\u00e9fense \u00bb, explique-t-il au micro de RMC, avant de poursuivre.<\/p>\n<p>                                            \u00ab Il a affront\u00e9 Haaland cinq fois et on ne l\u2019a pas vu\u00bb<\/p>\n<p>\u00ab Il est assez c\u00e9r\u00e9bral, il ne vit pas juste pour le foot: il est intelligent, aime lire des livres, n\u2019est pas obs\u00e9d\u00e9 par le foot et sait penser \u00e0 autre chose en dehors du terrain, un peu comme Ben White \u00e0 Arsenal. Il aime passer \u00e0 autre chose et quand il joue, il est hyper concentr\u00e9 pour jouer le mieux possible. Il a affront\u00e9 Haaland cinq fois et on ne l\u2019a pas vu (il avait marqu\u00e9 lors d\u2019un match de FA Cup en mars). Il conc\u00e8de parfois des occasions mais depuis qu\u2019il est en Premier League, il s\u2019est vraiment \u00e9paissi physiquement, il a pris du muscle, de la force et il peut jouer contre les meilleurs attaquants du monde \u00bb, ajoute <strong>Andrew Todos<\/strong>.<\/p>\n","protected":false},"excerpt":{"rendered":"Arthur Montagne &#8211; Journaliste Affam\u00e9 de sport, il a grandi au son des moteurs de Formule 1 et&hellip;\n","protected":false},"author":2,"featured_media":326521,"comment_status":"","ping_status":"","sticky":false,"template":"","format":"standard","meta":{"footnotes":""},"categories":[1410],"tags":[63,1011,27,60],"class_list":{"0":"post-326520","1":"post","2":"type-post","3":"status-publish","4":"format-standard","5":"has-post-thumbnail","7":"category-football","8":"tag-football","9":"tag-fr","10":"tag-france","11":"tag-sports"},"share_on_mastodon":{"url":"https:\/\/pubeurope.com\/@fr\/115048584636192833","error":""},"_links":{"self":[{"href":"https:\/\/www.europesays.com\/fr\/wp-json\/wp\/v2\/posts\/326520","targetHints":{"allow":["GET"]}}],"collection":[{"href":"https:\/\/www.europesays.com\/fr\/wp-json\/wp\/v2\/posts"}],"about":[{"href":"https:\/\/www.europesays.com\/fr\/wp-json\/wp\/v2\/types\/post"}],"author":[{"embeddable":true,"href":"https:\/\/www.europesays.com\/fr\/wp-json\/wp\/v2\/users\/2"}],"replies":[{"embeddable":true,"href":"https:\/\/www.europesays.com\/fr\/wp-json\/wp\/v2\/comments?post=326520"}],"version-history":[{"count":0,"href":"https:\/\/www.europesays.com\/fr\/wp-json\/wp\/v2\/posts\/326520\/revisions"}],"wp:featuredmedia":[{"embeddable":true,"href":"https:\/\/www.europesays.com\/fr\/wp-json\/wp\/v2\/media\/326521"}],"wp:attachment":[{"href":"https:\/\/www.europesays.com\/fr\/wp-json\/wp\/v2\/media?parent=326520"}],"wp:term":[{"taxonomy":"category","embeddable":true,"href":"https:\/\/www.europesays.com\/fr\/wp-json\/wp\/v2\/categories?post=326520"},{"taxonomy":"post_tag","embeddable":true,"href":"https:\/\/www.europesays.com\/fr\/wp-json\/wp\/v2\/tags?post=326520"}],"curies":[{"name":"wp","href":"https:\/\/api.w.org\/{rel}","templated":true}]}}