{"id":326526,"date":"2025-08-18T07:29:10","date_gmt":"2025-08-18T07:29:10","guid":{"rendered":"https:\/\/www.europesays.com\/fr\/326526\/"},"modified":"2025-08-18T07:29:10","modified_gmt":"2025-08-18T07:29:10","slug":"editions-radio-france-livre-jeunesse-les-odyssees-laure-grandbesancon-ed-les-arenes-france-inter","status":"publish","type":"post","link":"https:\/\/www.europesays.com\/fr\/326526\/","title":{"rendered":"Editions Radio France \/\/ livre jeunesse : \u00ab\u00a0Les Odyss\u00e9es\u00a0\u00bb Laure Grandbesan\u00e7on (\u00e9d. Les Ar\u00e8nes &#8211; France Inter)"},"content":{"rendered":"<p style=\"text-align: center; margin-right: 0cm; margin-left: 0cm; font-size: 15px; \"><strong>Un voyage extraordinaire dans l\u2019histoire\u00a0!<\/strong><\/p>\n<p style=\"text-align: justify; margin-right: 0cm; margin-left: 0cm; font-size: 15px; \"><strong>Des r\u00e9cits historiques passionnants et palpitants<\/strong><\/p>\n<p style=\"text-align: justify; margin-right: 0cm; margin-left: 0cm; font-size: 15px; \">Cet ouvrage propose 40 r\u00e9cits tir\u00e9s du podcast \u00e9ponyme. 40 voyages \u00e0 travers les si\u00e8cles et le monde. Extr\u00eamement document\u00e9s, ces r\u00e9cits offrent un condens\u00e9 de savoirs et de culture g\u00e9n\u00e9rale. Laure Grandbesan\u00e7on, autrice et com\u00e9dienne, entra\u00eene les lecteurs dans une plong\u00e9e endiabl\u00e9e et amusante au c\u0153ur de l\u2019histoire. Chaque odyss\u00e9e, mise en sc\u00e8ne avec humour et myst\u00e8re, se lit comme un roman d\u2019aventures.<\/p>\n<p style=\"text-align: justify; margin-right: 0cm; margin-left: 0cm; font-size: 15px; \"> L\u2019ouvrage se divise en 6 parties th\u00e9matiques\u00a0:<\/p>\n<ul style=\"margin-bottom: 0cm; margin-top: 0px;\">\n<li style=\"margin-right: 0cm; font-size: 14px;  text-indent: 0.4px; margin-left: 0.4px; color: rgb(0, 0, 0);\">Des grands personnages de l\u2019histoire\u00a0: Cl\u00e9op\u00e2tre, Jeanne d\u2019Arc, L\u00e9onard de Vinci, Moli\u00e8re, Napol\u00e9on\u2026<\/li>\n<li style=\"margin-right: 0cm; font-size: 14px;  text-indent: 0.4px; margin-left: 0.4px; color: rgb(0, 0, 0);\">Des grands combats\u00a0: Vercing\u00e9torix contre C\u00e9sar, Martin Luther King, Simone Veil\u2026<\/li>\n<li style=\"margin-right: 0cm; font-size: 14px;  text-indent: 0.4px; margin-left: 0.4px; color: rgb(0, 0, 0);\">Des exp\u00e9ditions et d\u00e9couvertes\u00a0: Marco Polo, Magellan, Apollo 11\u2026<\/li>\n<li style=\"text-align: justify; margin-right: 0cm; font-size: 14px;  text-indent: 0.4px; margin-left: 0.4px; color: rgb(0, 0, 0);\">Des aventuri\u00e8res et aventuriers du monde\u00a0: Calamity Jane, Amelia Earthart<\/li>\n<li style=\"text-align: justify; margin-right: 0cm; font-size: 14px;  text-indent: 0.4px; margin-left: 0.4px; color: rgb(0, 0, 0);\">Des \u00e9nigmes et enqu\u00eates\u00a0: le masque de fer, le monstre du Loch Ness, l\u2019affaire des poisons \u00e0 la cour de Louis XIV\u2026<\/li>\n<li style=\"text-align: justify; margin-right: 0cm; font-size: 14px;  text-indent: 0.4px; margin-left: 0.4px; color: rgb(0, 0, 0);\">Des grandes figures scientifiques\u00a0: Marie Curie, Maurice et Katia Krafft\u2026<\/li>\n<\/ul>\n<p style=\"text-align: justify; margin-right: 0cm; margin-left: 0cm; font-size: 15px; \"> Ce troisi\u00e8me opus, riche en texte et accompagn\u00e9 d\u2019illustrations \u00e0 la mani\u00e8re de gravures, est destin\u00e9 \u00e0 un lectorat l\u00e9g\u00e8rement plus \u00e2g\u00e9 (d\u00e8s 10 ans) que les pr\u00e9c\u00e9dents.<\/p>\n<p style=\"text-align: justify; margin-right: 0cm; margin-left: 0cm; font-size: 15px; \"><strong>Laure Grandbesan\u00e7on<\/strong> grandit \u00e0 Marseille. Apr\u00e8s des \u00e9tudes de philosophie \u00e0 la Sorbonne et huit ans de th\u00e9\u00e2tre, elle commence \u00e0 travailler \u00e0 France Inter en tant qu\u2019assistante de production, puis \u00e0 l\u2019antenne dans la matinale du week-end. Elle tient ensuite la chronique Paroles d\u2019ados. Passionn\u00e9e d\u2019Histoire et friande d\u2019enqu\u00eates, elle lance en juin 2019 la s\u00e9rie de podcast<a style=\"font-weight: inherit; letter-spacing: inherit; text-decoration: none; color: rgb(0, 0, 0);\" href=\"https:\/\/www.radiofrance.fr\/franceinter\/podcasts\/les-odyssees\" target=\"_blank\" rel=\"noopener nofollow\"> <strong>Les Odyss\u00e9es<\/strong><\/a>, qui compte aujourd\u2019hui plus de 160 \u00e9pisodes et plus de 45 millions d\u2019\u00e9coutes cumul\u00e9s.<\/p>\n<p style=\"text-align: justify; margin-right: 0cm; margin-left: 0cm; font-size: 15px; \">En 2024, France Inter lance <a style=\"font-weight: inherit; letter-spacing: inherit; color: rgb(0, 0, 0); text-decoration: underline;\" href=\"https:\/\/www.radiofrance.fr\/franceinter\/france-inter-lance-la-deuxieme-saison-de-l-ecole-des-odyssees-le-concours-de-podcasts-des-maintenant-7586012\" target=\"_blank\" rel=\"noopener nofollow\"><strong>L\u2019Ecole des Odyss\u00e9es<\/strong><\/a><strong> <\/strong>un concours national de cr\u00e9ation de podcast \u00e0 destination des classes de CM2, pour stimuler l\u2019\u00e9coute et la cr\u00e9ativit\u00e9 des plus jeunes.<\/p>\n<p style=\"text-align: justify; margin-right: 0cm; margin-left: 0cm; font-size: 15px; \"><strong> <\/strong><strong>Danilo Agutoli<\/strong> est un illustrateur italien install\u00e9 en Su\u00e8de. Il travaille r\u00e9guli\u00e8rement pour la presse internationale.<\/p>\n","protected":false},"excerpt":{"rendered":"Un voyage extraordinaire dans l\u2019histoire\u00a0! Des r\u00e9cits historiques passionnants et palpitants Cet ouvrage propose 40 r\u00e9cits tir\u00e9s du&hellip;\n","protected":false},"author":2,"featured_media":326527,"comment_status":"","ping_status":"","sticky":false,"template":"","format":"standard","meta":{"footnotes":""},"categories":[1357],"tags":[1379,58,59,1011,27,1380],"class_list":{"0":"post-326526","1":"post","2":"type-post","3":"status-publish","4":"format-standard","5":"has-post-thumbnail","7":"category-livres","8":"tag-books","9":"tag-divertissement","10":"tag-entertainment","11":"tag-fr","12":"tag-france","13":"tag-livres"},"share_on_mastodon":{"url":"https:\/\/pubeurope.com\/@fr\/115048596411206603","error":""},"_links":{"self":[{"href":"https:\/\/www.europesays.com\/fr\/wp-json\/wp\/v2\/posts\/326526","targetHints":{"allow":["GET"]}}],"collection":[{"href":"https:\/\/www.europesays.com\/fr\/wp-json\/wp\/v2\/posts"}],"about":[{"href":"https:\/\/www.europesays.com\/fr\/wp-json\/wp\/v2\/types\/post"}],"author":[{"embeddable":true,"href":"https:\/\/www.europesays.com\/fr\/wp-json\/wp\/v2\/users\/2"}],"replies":[{"embeddable":true,"href":"https:\/\/www.europesays.com\/fr\/wp-json\/wp\/v2\/comments?post=326526"}],"version-history":[{"count":0,"href":"https:\/\/www.europesays.com\/fr\/wp-json\/wp\/v2\/posts\/326526\/revisions"}],"wp:featuredmedia":[{"embeddable":true,"href":"https:\/\/www.europesays.com\/fr\/wp-json\/wp\/v2\/media\/326527"}],"wp:attachment":[{"href":"https:\/\/www.europesays.com\/fr\/wp-json\/wp\/v2\/media?parent=326526"}],"wp:term":[{"taxonomy":"category","embeddable":true,"href":"https:\/\/www.europesays.com\/fr\/wp-json\/wp\/v2\/categories?post=326526"},{"taxonomy":"post_tag","embeddable":true,"href":"https:\/\/www.europesays.com\/fr\/wp-json\/wp\/v2\/tags?post=326526"}],"curies":[{"name":"wp","href":"https:\/\/api.w.org\/{rel}","templated":true}]}}