{"id":326530,"date":"2025-08-18T07:31:10","date_gmt":"2025-08-18T07:31:10","guid":{"rendered":"https:\/\/www.europesays.com\/fr\/326530\/"},"modified":"2025-08-18T07:31:10","modified_gmt":"2025-08-18T07:31:10","slug":"ly-rappeur-transgenre-engage-qui-brise-les-codes-rien-nest-plus-politique-que-lart","status":"publish","type":"post","link":"https:\/\/www.europesays.com\/fr\/326530\/","title":{"rendered":"Ly, rappeur transgenre engag\u00e9 qui brise les codes\u00a0: \u00ab\u00a0Rien n\u2019est plus politique que l\u2019art\u00a0\u00bb"},"content":{"rendered":"<p class=\"paragraph text_align_left lp-f-body-02\">\u00ab On a trop peu de repr\u00e9sentations des minorit\u00e9s de genre dans le rap. \u00bb Assis devant un caf\u00e9 cr\u00e8me \u00e0 Ch\u00e2telet, Ly \u2014 ou Lydroppedthemic \u2014 donne le ton. Le jeune rappeur transgenre a \u00e9t\u00e9 s\u00e9lectionn\u00e9 parmi les huit finalistes de la 5e \u00e9dition <a href=\"https:\/\/www.leparisien.fr\/seine-saint-denis-93\/quelles-se-sentent-legitimes-la-seine-saint-denis-veut-faire-emerger-ses-rappeuses-de-demain-02-10-2024-GMF7PFWHYRFEFJ7U5PLW2O7YNI.php\" target=\"_self\" rel=\"nofollow noopener\">des \u00ab Rappeuses en libert\u00e9 \u00bb<\/a>, un programme d\u2019accompagnement artistique et professionnel visant \u00e0 permettre l\u2019\u00e9mergence des artistes f\u00e9minines. Un dispositif ouvert aux minorit\u00e9s de genre organis\u00e9 par Rafe Productions, avec l\u2019Universit\u00e9 Paris-8 Saint-Denis et un r\u00e9seau de partenaires musicaux.<\/p>\n<p class=\"paragraph text_align_left lp-f-body-02\">Pour ce jeune Francilien, il est plus que temps que <a href=\"https:\/\/www.leparisien.fr\/culture-loisirs\/piche-la-premiere-drag-queen-gitane-se-lance-dans-le-rap-etonner-cest-ce-que-jaime-06-09-2023-HS4E3LYCKZC4NFJUFBY36TQSJU.php\" target=\"_self\" rel=\"nofollow noopener\">la sc\u00e8ne du rap s\u2019ouvre \u00e0 tous et toutes<\/a>. Le dos droit, il ajoute : \u00ab Je veux que, quand on demande : Tu connais des rappeurs queers ? On puisse au moins en citer un. \u00bb Souriant, il ajoute : \u00ab C\u2019est le moment de bousculer tout \u00e7a ! \u00bb<\/p>\n","protected":false},"excerpt":{"rendered":"\u00ab On a trop peu de repr\u00e9sentations des minorit\u00e9s de genre dans le rap. \u00bb Assis devant un&hellip;\n","protected":false},"author":2,"featured_media":326531,"comment_status":"","ping_status":"","sticky":false,"template":"","format":"standard","meta":{"footnotes":""},"categories":[1355],"tags":[872,58,59,1011,27,1944,1361,873,1945],"class_list":{"0":"post-326530","1":"post","2":"type-post","3":"status-publish","4":"format-standard","5":"has-post-thumbnail","7":"category-musique","8":"tag-culture-et-loisirs","9":"tag-divertissement","10":"tag-entertainment","11":"tag-fr","12":"tag-france","13":"tag-ma-ville","14":"tag-music","15":"tag-musique","16":"tag-seine-saint-denis"},"share_on_mastodon":{"url":"https:\/\/pubeurope.com\/@fr\/115048604151437432","error":""},"_links":{"self":[{"href":"https:\/\/www.europesays.com\/fr\/wp-json\/wp\/v2\/posts\/326530","targetHints":{"allow":["GET"]}}],"collection":[{"href":"https:\/\/www.europesays.com\/fr\/wp-json\/wp\/v2\/posts"}],"about":[{"href":"https:\/\/www.europesays.com\/fr\/wp-json\/wp\/v2\/types\/post"}],"author":[{"embeddable":true,"href":"https:\/\/www.europesays.com\/fr\/wp-json\/wp\/v2\/users\/2"}],"replies":[{"embeddable":true,"href":"https:\/\/www.europesays.com\/fr\/wp-json\/wp\/v2\/comments?post=326530"}],"version-history":[{"count":0,"href":"https:\/\/www.europesays.com\/fr\/wp-json\/wp\/v2\/posts\/326530\/revisions"}],"wp:featuredmedia":[{"embeddable":true,"href":"https:\/\/www.europesays.com\/fr\/wp-json\/wp\/v2\/media\/326531"}],"wp:attachment":[{"href":"https:\/\/www.europesays.com\/fr\/wp-json\/wp\/v2\/media?parent=326530"}],"wp:term":[{"taxonomy":"category","embeddable":true,"href":"https:\/\/www.europesays.com\/fr\/wp-json\/wp\/v2\/categories?post=326530"},{"taxonomy":"post_tag","embeddable":true,"href":"https:\/\/www.europesays.com\/fr\/wp-json\/wp\/v2\/tags?post=326530"}],"curies":[{"name":"wp","href":"https:\/\/api.w.org\/{rel}","templated":true}]}}