{"id":326534,"date":"2025-08-18T07:33:09","date_gmt":"2025-08-18T07:33:09","guid":{"rendered":"https:\/\/www.europesays.com\/fr\/326534\/"},"modified":"2025-08-18T07:33:09","modified_gmt":"2025-08-18T07:33:09","slug":"ces-fruits-dete-tres-populaires-peuvent-favoriser-linsomnie-ce-que-revelent-les-nutritionnistes","status":"publish","type":"post","link":"https:\/\/www.europesays.com\/fr\/326534\/","title":{"rendered":"Ces fruits d\u2019\u00e9t\u00e9 tr\u00e8s populaires peuvent favoriser l\u2019insomnie : ce que r\u00e9v\u00e8lent les nutritionnistes"},"content":{"rendered":"<p><strong>Une tranche de past\u00e8que \u00e0 la fra\u00eecheur in\u00e9gal\u00e9e, une p\u00eache gorg\u00e9e de soleil, un quartier de melon d\u00e9gust\u00e9 au jardin\u2026 Pour beaucoup de Fran\u00e7ais, l&rsquo;\u00e9t\u00e9 rime avec plaisir fruit\u00e9. Pourtant, les nutritionnistes alertent d\u00e9sormais : certains de ces incontournables pourraient perturber le sommeil, en particulier lorsqu&rsquo;ils sont savour\u00e9s en soir\u00e9e. Effet surprise assur\u00e9 sur la table du d\u00eener\u2026<\/strong><\/p>\n<p>L&rsquo;appel irr\u00e9sistible des fruits d&rsquo;\u00e9t\u00e9 : plaisir sucr\u00e9 et tradition<br \/>\n Un rituel rafra\u00eechissant des soir\u00e9es estivales<\/p>\n<p>Avec l&rsquo;arriv\u00e9e des beaux jours, les assiettes fran\u00e7aises se parent de couleurs chatoyantes. Difficile de r\u00e9sister au dessert fruit\u00e9 apr\u00e8s un repas sur la terrasse ! Les fruits d&rsquo;\u00e9t\u00e9, en particulier la past\u00e8que, le melon ou la p\u00eache, s&rsquo;invitent naturellement lors des douces veill\u00e9es, s\u00e9duisant petits et grands par leur <strong><a href=\"https:\/\/journaldesseniors.20minutes.fr\/cuisine\/supprimez-90-des-pesticides-de-vos-fruits-et-legumes-en-quelques-gestes-simples\/\" target=\"_blank\" rel=\"noopener\">fra\u00eecheur d\u00e9salt\u00e9rante<\/a><\/strong> et leur parfum d\u00e9licat. S&rsquo;offrir un morceau bien frais devient presque un c\u00e9r\u00e9monial, une consolation contre les longues soir\u00e9es parfois torrides et l&rsquo;occasion de <strong>prolonger les plaisirs<\/strong> de la journ\u00e9e.<\/p>\n<p>Popularit\u00e9 croissante : les fruits stars des tables fran\u00e7aises<\/p>\n<p>Incontournables des march\u00e9s et des pique-niques estivaux, ces fruits sont devenus les v\u00e9ritables vedettes de la saison. Selon les tendances de consommation, leur popularit\u00e9 ne cesse de cro\u00eetre avec l&rsquo;\u00e9veil d&rsquo;une alimentation ax\u00e9e sur le <strong>naturel et le local<\/strong>. La past\u00e8que, le melon, la p\u00eache \u2013 ces douceurs l\u00e9g\u00e8res incarnent la convivialit\u00e9, \u00e9veillant la gourmandise apr\u00e8s chaque barbecue ou d\u00e9gustation au jardin. Mais un <strong>aspect crucial<\/strong> reste souvent ignor\u00e9 : leur effet inattendu sur la qualit\u00e9 du sommeil.<\/p>\n<p>Les dessous inattendus du sucre naturel : ce que cachent past\u00e8que, melon et p\u00eache<br \/>\nSucres rapides : la face cach\u00e9e des fruits plaisir<\/p>\n<p>Si leur r\u00e9putation de \u00ab go\u00fbter sain \u00bb demeure solidement ancr\u00e9e, il faut savoir que <strong>ces fruits regorgent de <a href=\"https:\/\/journaldesseniors.20minutes.fr\/sante\/9-fruits-surpassent-pomme-digestion-au-top\/\" target=\"_blank\" rel=\"noopener\">sucres naturellement pr\u00e9sents<\/a><\/strong>, souvent qualifi\u00e9s de \u00ab sucres rapides \u00bb. Contrairement \u00e0 l&rsquo;image parfois id\u00e9alis\u00e9e qu&rsquo;on leur attribue, ces sucres sont assimil\u00e9s par l&rsquo;organisme presque aussi rapidement que ceux d&rsquo;un soda. Et lorsque le palais se laisse tenter par quelques <strong>g\u00e9n\u00e9reuses bouch\u00e9es<\/strong> en fin de repas, l&rsquo;organisme doit alors g\u00e9rer un apport soudain, qui n&rsquo;est pas sans cons\u00e9quences.<\/p>\n<p>Index glyc\u00e9mique \u00e9lev\u00e9 : un impact discret mais r\u00e9el<\/p>\n<p>La past\u00e8que, le melon ou la p\u00eache figurent parmi les fruits d&rsquo;\u00e9t\u00e9 ayant <strong>un index glyc\u00e9mique relativement \u00e9lev\u00e9<\/strong>. Autrement dit, ils lib\u00e8rent rapidement leurs sucres dans le sang, provoquant une \u00e9l\u00e9vation de la glyc\u00e9mie. Ce pic, anodin pour certains, devient plus notable en soir\u00e9e, moment o\u00f9 le corps se pr\u00e9pare naturellement \u00e0 l&rsquo;endormissement. Loin d&rsquo;\u00eatre n\u00e9gligeable, ce m\u00e9canisme explique pourquoi ces fruits, s&rsquo;ils sont consomm\u00e9s \u00e0 un <strong>moment inappropri\u00e9<\/strong>, peuvent bouleverser la qui\u00e9tude de la nuit.<\/p>\n<p>Quand le fruit devient veilleur de nuit : comprendre le lien entre sucre et sommeil<br \/>\n Les m\u00e9canismes de la glyc\u00e9mie sur l&rsquo;endormissement<\/p>\n<p>Pourquoi un simple fruit pourrait-il entraver le sommeil ? Au c\u0153ur du processus, la r\u00e9gulation de la glyc\u00e9mie occupe une place d\u00e9terminante. Un afflux rapide de sucre, notamment en soir\u00e9e, stimule la production d&rsquo;insuline et peut entra\u00eener des <strong>variations brutales du taux de sucre sanguin<\/strong>. Or, le corps, en pleine digestion de ces sucres rapides, peine \u00e0 op\u00e9rer la transition vers la d\u00e9tente n\u00e9cessaire \u00e0 l&rsquo;endormissement.<\/p>\n<p> Shoot d&rsquo;\u00e9nergie ou coup de barre ? Ce que dit la science<\/p>\n<p>Sur le papier, certains pourraient penser qu&rsquo;une belle part de past\u00e8que ou de melon aiderait \u00e0 dormir gr\u00e2ce \u00e0 leur richesse en eau. Pourtant, le pic d&rsquo;\u00e9nergie li\u00e9 au sucre provoque une <strong><a href=\"https:\/\/journaldesseniors.20minutes.fr\/sante\/vous-mangez-1-de-ces-4-fruits-le-soir-pourquoi-nuisent-sommeil\/\" target=\"_blank\" rel=\"noopener\">vigilance accrue<\/a>, voire une sensation de \u00ab coup de fouet \u00bb passager<\/strong>, qui retarde l&rsquo;apparition du sommeil. S&rsquo;ensuivent souvent des r\u00e9veils nocturnes ou un sommeil de moindre qualit\u00e9. Le corps, sur-sollicit\u00e9 pour r\u00e9guler sa glyc\u00e9mie, transforme alors le plaisir fruit\u00e9 en facteur d&rsquo;insomnie.<\/p>\n<p>Les nutritionnistes tirent la sonnette d&rsquo;alarme : qui doit faire attention ?<br \/>\nGroupes \u00e0 risque : enfants, adultes sensibles et insomniaques<\/p>\n<p>Si l&rsquo;organisme de chacun r\u00e9agit diff\u00e9remment, certains publics restent particuli\u00e8rement expos\u00e9s aux effets de ces sucres rapides le soir. <strong>Les enfants<\/strong>, avec leur sommeil fragile, mais aussi les personnes sujettes \u00e0 l&rsquo;insomnie, les adultes ayant une sensibilit\u00e9 glyc\u00e9mique ou ceux souffrant de troubles m\u00e9taboliques, devraient faire preuve de prudence. Se r\u00e9galer d&rsquo;une belle assiette de fruits d&rsquo;\u00e9t\u00e9 \u00e0 l&rsquo;heure du souper n&rsquo;est donc pas recommand\u00e9 pour tous, au risque de <strong>compromettre la qualit\u00e9 du repos nocturne<\/strong>.<\/p>\n<p> Des r\u00e9sultats visibles<\/p>\n<p>Les observations cliniques montrent que la r\u00e9duction de la consommation de fruits sucr\u00e9s en soir\u00e9e peut am\u00e9liorer significativement la qualit\u00e9 du sommeil. De nombreuses personnes rapportent avoir retrouv\u00e9 un sommeil plus constant, des nuits moins agit\u00e9es et un r\u00e9veil plus frais apr\u00e8s ce simple ajustement alimentaire. Il semble que, <strong>par un simple r\u00e9am\u00e9nagement de ses habitudes, on puisse <a href=\"https:\/\/journaldesseniors.20minutes.fr\/sante\/7-plantes-mettre-chambre-sommeil-profond-sans-stress\/\" target=\"_blank\" rel=\"noopener\">am\u00e9liorer le d\u00e9roulement de la nuit<\/a><\/strong>\u2026 sans pour autant bannir le plaisir fruit\u00e9 dans la journ\u00e9e.<\/p>\n<p>Changer ses habitudes sans frustrer ses envies : les alternatives malignes<br \/>\nTiming malin : le bon moment pour se r\u00e9galer de son fruit f\u00e9tiche<\/p>\n<p>La cl\u00e9 r\u00e9side donc dans le choix du moment opportun. Manger melon, past\u00e8que ou p\u00eache <strong>plut\u00f4t au d\u00e9jeuner ou au go\u00fbter<\/strong> (lorsque l&rsquo;organisme est plus apte \u00e0 m\u00e9taboliser les sucres) minimise l&rsquo;impact sur l&rsquo;endormissement. Le plaisir reste intact, le sommeil pr\u00e9serv\u00e9. Par ailleurs, savourer le fruit en d\u00e9but de repas, accompagn\u00e9 d&rsquo;autres aliments (notamment riches en prot\u00e9ines ou en fibres), permet de <strong>ralentir l&rsquo;absorption<\/strong> du sucre dans le sang.<\/p>\n<p>Fruits \u00e0 privil\u00e9gier : ceux qui respectent le sommeil<\/p>\n<p>Tous les fruits d&rsquo;\u00e9t\u00e9 n&rsquo;ont cependant pas la m\u00eame influence. Pour une soir\u00e9e sereine, mieux vaut opter pour des <strong>fruits \u00e0 faible index glyc\u00e9mique<\/strong>, comme la prune, l&rsquo;abricot ou la cerise, qui lib\u00e8rent leurs sucres plus lentement. En les associant \u00e0 des yaourts nature ou des fruits secs, on conjugue \u00e9quilibre, gourmandise et calme nocturne. Un carr\u00e9 de compote maison, une pomme ou une poign\u00e9e de <strong>baies rouges<\/strong> peuvent \u00e9galement offrir ce petit plaisir de fin de repas, sans sacrifier le repos m\u00e9rit\u00e9.<\/p>\n<p>En route pour des soir\u00e9es zen : conseils et prochaine \u00e9tape<br \/>\n R\u00e9capitulatif des points cl\u00e9s sur fruits sucr\u00e9s et sommeil<\/p>\n<p>Les fruits d&rsquo;\u00e9t\u00e9 ont la cote pour leur go\u00fbt et leur fra\u00eecheur, mais leur <strong>teneur \u00e9lev\u00e9e en sucres rapides et leur index glyc\u00e9mique souvent important<\/strong> peuvent perturber l&rsquo;endormissement si consomm\u00e9s en soir\u00e9e. Ce ph\u00e9nom\u00e8ne concerne d&rsquo;abord les personnes sensibles, mais reste \u00e0 garder \u00e0 l&rsquo;esprit pour tous ceux qui souhaitent optimiser leurs nuits pendant la saison estivale.<\/p>\n<p> Astuces pour concilier plaisir fruit\u00e9 et nuits sereines<\/p>\n<p>Quelques gestes simples permettent d&rsquo;<strong><a href=\"https:\/\/journaldesseniors.20minutes.fr\/sante\/a-quelle-frequence-devriez-vous-pratiquer-la-meditation-pour-des-bienfaits-durables-sur-le-stress-et-lanxiete\/\" target=\"_blank\" rel=\"noopener\">allier plaisir et bien-\u00eatre<\/a> nocturne<\/strong> : d\u00e9placer la d\u00e9gustation des fruits sucr\u00e9s vers le matin ou l&rsquo;apr\u00e8s-midi, varier les plaisirs avec des fruits \u00e0 faible index glyc\u00e9mique, ou encore composer de petites portions associ\u00e9es \u00e0 des aliments rassasiants. En adaptant l\u00e9g\u00e8rement ses habitudes, il est possible de <strong>profiter pleinement<\/strong> des saveurs estivales tout en pr\u00e9servant sa sant\u00e9.<\/p>\n<p>Ouverture : comment adapter son alimentation estivale pour un meilleur bien-\u00eatre<\/p>\n<p>Dans une soci\u00e9t\u00e9 o\u00f9 le bien-\u00eatre prend une place croissante, chaque d\u00e9tail compte. Prendre conscience de l&rsquo;impact de l&rsquo;alimentation sur la qualit\u00e9 du sommeil redonne du sens \u00e0 nos petites d\u00e9cisions du quotidien. Le secret r\u00e9side dans l&rsquo;\u00e9quilibre : savourer les fruits du soleil, mais au moment opportun. Et si le choix judicieux du dessert et de son <strong>moment de d\u00e9gustation<\/strong> constituait finalement la cl\u00e9 des nuits paisibles ?<\/p>\n","protected":false},"excerpt":{"rendered":"Une tranche de past\u00e8que \u00e0 la fra\u00eecheur in\u00e9gal\u00e9e, une p\u00eache gorg\u00e9e de soleil, un quartier de melon d\u00e9gust\u00e9&hellip;\n","protected":false},"author":2,"featured_media":326535,"comment_status":"","ping_status":"","sticky":false,"template":"","format":"standard","meta":{"footnotes":""},"categories":[10],"tags":[1011,27,72,56,71],"class_list":{"0":"post-326534","1":"post","2":"type-post","3":"status-publish","4":"format-standard","5":"has-post-thumbnail","7":"category-sante","8":"tag-fr","9":"tag-france","10":"tag-health","11":"tag-push","12":"tag-sante"},"share_on_mastodon":{"url":"https:\/\/pubeurope.com\/@fr\/115048612153861226","error":""},"_links":{"self":[{"href":"https:\/\/www.europesays.com\/fr\/wp-json\/wp\/v2\/posts\/326534","targetHints":{"allow":["GET"]}}],"collection":[{"href":"https:\/\/www.europesays.com\/fr\/wp-json\/wp\/v2\/posts"}],"about":[{"href":"https:\/\/www.europesays.com\/fr\/wp-json\/wp\/v2\/types\/post"}],"author":[{"embeddable":true,"href":"https:\/\/www.europesays.com\/fr\/wp-json\/wp\/v2\/users\/2"}],"replies":[{"embeddable":true,"href":"https:\/\/www.europesays.com\/fr\/wp-json\/wp\/v2\/comments?post=326534"}],"version-history":[{"count":0,"href":"https:\/\/www.europesays.com\/fr\/wp-json\/wp\/v2\/posts\/326534\/revisions"}],"wp:featuredmedia":[{"embeddable":true,"href":"https:\/\/www.europesays.com\/fr\/wp-json\/wp\/v2\/media\/326535"}],"wp:attachment":[{"href":"https:\/\/www.europesays.com\/fr\/wp-json\/wp\/v2\/media?parent=326534"}],"wp:term":[{"taxonomy":"category","embeddable":true,"href":"https:\/\/www.europesays.com\/fr\/wp-json\/wp\/v2\/categories?post=326534"},{"taxonomy":"post_tag","embeddable":true,"href":"https:\/\/www.europesays.com\/fr\/wp-json\/wp\/v2\/tags?post=326534"}],"curies":[{"name":"wp","href":"https:\/\/api.w.org\/{rel}","templated":true}]}}