{"id":326538,"date":"2025-08-18T07:35:11","date_gmt":"2025-08-18T07:35:11","guid":{"rendered":"https:\/\/www.europesays.com\/fr\/326538\/"},"modified":"2025-08-18T07:35:11","modified_gmt":"2025-08-18T07:35:11","slug":"votre-ascension-est-celle-du-merite-contre-tous-les-prejuges","status":"publish","type":"post","link":"https:\/\/www.europesays.com\/fr\/326538\/","title":{"rendered":"\u00abVotre ascension est celle du m\u00e9rite contre tous les pr\u00e9jug\u00e9s\u00bb"},"content":{"rendered":"<p data-module=\"fig-standfirst-editorial-episode\" data-context=\"@media (min-width:48em)\">Dans ce courrier imaginaire \u00e9crit pour Le Figaro, le pr\u00e9sident du parti Horizons exalte l\u2019\u00abesprit de panache\u00bb du p\u00e8re d\u2019Alexandre Dumas. Ce fils d\u2019esclave de Saint-Domingue d\u00e9barqu\u00e9 au Havre, \u00abpremier g\u00e9n\u00e9ral m\u00e9tis\u00bb et h\u00e9ros de la R\u00e9volution, incarne \u00e0 ses yeux \u00abtoutes les vertus du commandement\u00bb.<\/p>\n<p class=\"fig-paragraph fig-paragraph--dropped\">Mon g\u00e9n\u00e9ral,<\/p>\n<p class=\"fig-paragraph fig-paragraph--dropped\">\u00ab Le plus grand des Dumas, c\u2019est le fils de la n\u00e9gresse\u00a0\u00bb. Cette formule d\u2019<a href=\"http:\/\/www.lefigaro.fr\/vox\/politique\/mathieu-laine-pourquoi-les-partisans-de-l-egalitarisme-fiscal-devraient-re-lire-les-dieux-ont-soif-d-anatole-france-20241203\" data-fig-type=\"Article\" data-gtm-custom-categorie=\"navigation\" data-gtm-custom-action=\"crossclick\" data-gtm-custom-label=\"Contextuel\" data-gtm-event=\"customEventSPE\" data-fig-domain=\"LEFIGARO\" rel=\"nofollow noopener\" target=\"_blank\">Anatole France<\/a>, d\u00e9licate \u00e0 utiliser aujourd\u2019hui tant nous c\u00e9dons \u00e0 la facilit\u00e9 de censurer les mots d\u2019hier pour dissimuler notre impuissance \u00e0 combattre les maux actuels, renvoie \u00e0 votre condition de fils d\u2019esclave et \u00e0 votre couleur de peau. Je l\u2019ai cit\u00e9e, cette formule, par un apr\u00e8s-midi de juin 2020, au S\u00e9nat, lors d\u2019une s\u00e9ance de questions au gouvernement, pour dire toute l\u2019admiration que je vous porte. Et pour regretter que jamais la R\u00e9publique n\u2019ait voulu reconstruire la grande statue qui vous rendait hommage, \u00e9rig\u00e9e en 1913 et d\u00e9truite pendant l\u2019occupation allemande.<\/p>\n<p class=\"fig-paragraph fig-paragraph--dropped fig-paragraph--dropped-small\">Je ne sais pas, moi, si vous \u00eates le plus grand des Dumas. Votre fils,\u00a0<a href=\"http:\/\/www.lefigaro.fr\/cinema\/d-alexandre-dumas-a-sergio-leone-en-passant-par-marcel-pagnol-cette-vogue-de-la-trilogie-qui-perdure-au-cinema-20250708\" data-fig-type=\"Article\" data-gtm-custom-categorie=\"navigation\" data-gtm-custom-action=\"crossclick\" data-gtm-custom-label=\"Contextuel\" data-gtm-event=\"customEventSPE\" data-fig-domain=\"LEFIGARO\" rel=\"nofollow noopener\" target=\"_blank\">Alexandre\u00a0<\/a>comme vous, est mon \u00e9crivain pr\u00e9f\u00e9r\u00e9, et il est incroyablement grand. Votre petit-fils, toujours Alexandre, \u00e9crivain aussi, n\u2019est pas mal non plus.<\/p>\n<p class=\"fig-paragraph fig-paragraph--dropped\">Mais vous, vous \u00eates le premier.<\/p>\n<p class=\"fig-paragraph fig-paragraph--dropped\">Dumas, c\u2019\u00e9tait le nom de votre m\u00e8re, Cessette, achet\u00e9e par votre p\u00e8re\u2026<\/p>\n<p class=\"fig-premium-paywall__infos\">\n        Cet article est r\u00e9serv\u00e9 aux abonn\u00e9s.        Il vous reste 84% \u00e0 d\u00e9couvrir.\n    <\/p>\n<p>                <img  data- alt=\"Le Figaro\" class=\"fig-img--complete fig-img\"\/><\/p>\n<p class=\"fig-premium-paywall__title\">Vente Flash<\/p>\n<p class=\"fig-premium-paywall__subtitle\">4,99\u20ac par mois pendant 12 mois. Sans engagement<\/p>\n<p class=\"fig-premium-paywall__connect\">\n                D\u00e9j\u00e0 abonn\u00e9\u00a0?                <a class=\"fig-premium-paywall__connect-link\" href=\"https:\/\/connect.lefigaro.fr\/login?client=horizon_web&amp;type=main&amp;redirect_uri=https%3A%2F%2Fwww.lefigaro.fr%2Fpolitique%2Fedouard-philippe-ecrit-au-general-dumas-votre-ascension-est-celle-du-merite-contre-tous-les-prejuges-20250818\" data-js-gtm=\"{&quot;customCategorie&quot;: &quot;conversion&quot;, &quot;customAction&quot;: &quot;before_Landing_Connexion_paywall_auto&quot;, &quot;customLabel&quot;: &quot;bGVmaWdhcm8uZnJfXzFmMDY3ZDE4LTg1ODUtNjkzNi05ZGM5LThmZjQ3MjRlZjM2MF9fQXJ0aWNsZQ==_\u00c9douard Philippe \u00e9crit au g\u00e9n\u00e9ral Dumas\u00a0: \u00abVotre ascension est celle du m\u00e9rite contre tous les pr\u00e9jug\u00e9s\u00bb_68&quot;, &quot;customIDSPE&quot;: &quot;bGVmaWdhcm8uZnJfXzFmMDY3ZDE4LTg1ODUtNjkzNi05ZGM5LThmZjQ3MjRlZjM2MF9fQXJ0aWNsZQ==&quot;, &quot;event&quot;: &quot;customEventSPE&quot;}\" rel=\"nofollow noopener\" target=\"_blank\"><br \/>\n                    Connectez-vous<br \/>\n                <\/a>\n            <\/p>\n","protected":false},"excerpt":{"rendered":"Dans ce courrier imaginaire \u00e9crit pour Le Figaro, le pr\u00e9sident du parti Horizons exalte l\u2019\u00abesprit de panache\u00bb du&hellip;\n","protected":false},"author":2,"featured_media":326539,"comment_status":"","ping_status":"","sticky":false,"template":"","format":"standard","meta":{"footnotes":""},"categories":[8],"tags":[46345,1013,58,3080,59,1011,27,32399],"class_list":{"0":"post-326538","1":"post","2":"type-post","3":"status-publish","4":"format-standard","5":"has-post-thumbnail","7":"category-divertissement","8":"tag-alexandre-dumas","9":"tag-bruno-retailleau","10":"tag-divertissement","11":"tag-edouard-philippe","12":"tag-entertainment","13":"tag-fr","14":"tag-france","15":"tag-gerard-larcher"},"share_on_mastodon":{"url":"https:\/\/pubeurope.com\/@fr\/115048620044286423","error":""},"_links":{"self":[{"href":"https:\/\/www.europesays.com\/fr\/wp-json\/wp\/v2\/posts\/326538","targetHints":{"allow":["GET"]}}],"collection":[{"href":"https:\/\/www.europesays.com\/fr\/wp-json\/wp\/v2\/posts"}],"about":[{"href":"https:\/\/www.europesays.com\/fr\/wp-json\/wp\/v2\/types\/post"}],"author":[{"embeddable":true,"href":"https:\/\/www.europesays.com\/fr\/wp-json\/wp\/v2\/users\/2"}],"replies":[{"embeddable":true,"href":"https:\/\/www.europesays.com\/fr\/wp-json\/wp\/v2\/comments?post=326538"}],"version-history":[{"count":0,"href":"https:\/\/www.europesays.com\/fr\/wp-json\/wp\/v2\/posts\/326538\/revisions"}],"wp:featuredmedia":[{"embeddable":true,"href":"https:\/\/www.europesays.com\/fr\/wp-json\/wp\/v2\/media\/326539"}],"wp:attachment":[{"href":"https:\/\/www.europesays.com\/fr\/wp-json\/wp\/v2\/media?parent=326538"}],"wp:term":[{"taxonomy":"category","embeddable":true,"href":"https:\/\/www.europesays.com\/fr\/wp-json\/wp\/v2\/categories?post=326538"},{"taxonomy":"post_tag","embeddable":true,"href":"https:\/\/www.europesays.com\/fr\/wp-json\/wp\/v2\/tags?post=326538"}],"curies":[{"name":"wp","href":"https:\/\/api.w.org\/{rel}","templated":true}]}}