{"id":32654,"date":"2025-04-17T23:11:08","date_gmt":"2025-04-17T23:11:08","guid":{"rendered":"https:\/\/www.europesays.com\/fr\/32654\/"},"modified":"2025-04-17T23:11:08","modified_gmt":"2025-04-17T23:11:08","slug":"la-vieille-charite-theatre-silvain-le-marseille-jazz-des-cinq-continents-lance-son-parcours-metropolitain","status":"publish","type":"post","link":"https:\/\/www.europesays.com\/fr\/32654\/","title":{"rendered":"La Vieille Charit\u00e9, th\u00e9\u00e2tre Silvain\u2026 le Marseille Jazz des Cinq Continents lance son \u00ab\u00a0parcours m\u00e9tropolitain\u00a0\u00bb"},"content":{"rendered":"<p>Il y a certes le temps fort, <a href=\"https:\/\/www.laprovence.com\/article\/culture-loisirs\/11105662303258\/marseille-jazz-des-cinq-continents-programme-concerts-nouveaux-lieux-une-photographie-mondiale-du-jazz-actuel\" target=\"_blank\" rel=\"nofollow noopener\">au mois de juillet, quand le Marseille Jazz des Cinq Continents<\/a> fait battre, dans plusieurs lieux de la ville, le pouls de la sc\u00e8ne jazz actuelle \u00e0 travers le monde, m\u00ealant les g\u00e9n\u00e9rations et les influences. Cette ann\u00e9e, il quitte le parc du Palais Longchamp, en travaux de r\u00e9novation et renaturation. Mais gagne la Vieille Charit\u00e9, <a href=\"https:\/\/www.laprovence.com\/article\/region\/1189308802116915\/200-000-personnes-l-ont-decouverte-en-2024-la-citadelle-de-marseille-se-reve-en-bastion-culturel\" target=\"_blank\" rel=\"nofollow noopener\">la Citadelle<\/a>, le toit-terrasse de la Friche, et le th\u00e9\u00e2tre Silvain pour cinq soir\u00e9es.<\/p>\n<p>\u00c0 l\u2019affiche\u00a0: la chanteuse Youn Sun Nah, la saxophoniste londonienne Nubya Garcia, le pianiste Tigran Hamasyan, le producteur pionnier de musique \u00e9lectronique Jeff Mills avec le quartet d\u2019\u00c9mile Parisien, la r\u00e9f\u00e9rence de l\u2019\u00e9lectrojazz Caravan Palace, le groupe am\u00e9ricain Thee Sacred Souls, le collectif londonien Kokoroko, le trompettiste Erik Truffaz, la diva Dee Dee Bridgewater ou encore Kassav&rsquo;et Malavoi.<\/p>\n<p>En attendant ces r\u00e9jouissances, le festival entame son parcours m\u00e9tropolitain, \u00e0 travers 20 communes (Jouques, Miramas, Aubagne, Cassis\u2026). Le coup d\u2019envoi est donn\u00e9 ce jeudi 17\u00a0avril \u00e0 l\u2019Espace Jean Ferrat de Sept\u00e8mes-les-Vallons avec le groupe Sa\u00efko Nata, bas\u00e9 sur la fusion qui entame sa Renaissance.<\/p>\n","protected":false},"excerpt":{"rendered":"Il y a certes le temps fort, au mois de juillet, quand le Marseille Jazz des Cinq Continents&hellip;\n","protected":false},"author":2,"featured_media":32655,"comment_status":"","ping_status":"","sticky":false,"template":"","format":"standard","meta":{"footnotes":""},"categories":[2814],"tags":[17,1111,11,10967,251,154,1777,674,1011,27,6910,884,12,882,25,10968,1347,10966],"class_list":{"0":"post-32654","1":"post","2":"type-post","3":"status-publish","4":"format-standard","5":"has-post-thumbnail","7":"category-marseille","8":"tag-17","9":"tag-actu","10":"tag-actualites","11":"tag-charite","12":"tag-culture","13":"tag-des","14":"tag-eu","15":"tag-europe","16":"tag-fr","17":"tag-france","18":"tag-jazz","19":"tag-marseille","20":"tag-news","21":"tag-provence-alpes-cote-dazur","22":"tag-republique-francaise","23":"tag-silvain","24":"tag-theatre","25":"tag-vieille"},"share_on_mastodon":{"url":"https:\/\/pubeurope.com\/@fr\/114355836254941858","error":""},"_links":{"self":[{"href":"https:\/\/www.europesays.com\/fr\/wp-json\/wp\/v2\/posts\/32654","targetHints":{"allow":["GET"]}}],"collection":[{"href":"https:\/\/www.europesays.com\/fr\/wp-json\/wp\/v2\/posts"}],"about":[{"href":"https:\/\/www.europesays.com\/fr\/wp-json\/wp\/v2\/types\/post"}],"author":[{"embeddable":true,"href":"https:\/\/www.europesays.com\/fr\/wp-json\/wp\/v2\/users\/2"}],"replies":[{"embeddable":true,"href":"https:\/\/www.europesays.com\/fr\/wp-json\/wp\/v2\/comments?post=32654"}],"version-history":[{"count":0,"href":"https:\/\/www.europesays.com\/fr\/wp-json\/wp\/v2\/posts\/32654\/revisions"}],"wp:featuredmedia":[{"embeddable":true,"href":"https:\/\/www.europesays.com\/fr\/wp-json\/wp\/v2\/media\/32655"}],"wp:attachment":[{"href":"https:\/\/www.europesays.com\/fr\/wp-json\/wp\/v2\/media?parent=32654"}],"wp:term":[{"taxonomy":"category","embeddable":true,"href":"https:\/\/www.europesays.com\/fr\/wp-json\/wp\/v2\/categories?post=32654"},{"taxonomy":"post_tag","embeddable":true,"href":"https:\/\/www.europesays.com\/fr\/wp-json\/wp\/v2\/tags?post=32654"}],"curies":[{"name":"wp","href":"https:\/\/api.w.org\/{rel}","templated":true}]}}