{"id":326551,"date":"2025-08-18T07:41:14","date_gmt":"2025-08-18T07:41:14","guid":{"rendered":"https:\/\/www.europesays.com\/fr\/326551\/"},"modified":"2025-08-18T07:41:14","modified_gmt":"2025-08-18T07:41:14","slug":"en-immersion-avec-la-police-municipale-de-firminy","status":"publish","type":"post","link":"https:\/\/www.europesays.com\/fr\/326551\/","title":{"rendered":"en immersion avec la police municipale de Firminy"},"content":{"rendered":"<p>\u00ab\u00a0Ce que j\u2019aime, c\u2019est que l\u2019impr\u00e9vu est permanent. Les missions sont vari\u00e9es, en ext\u00e9rieur et il n\u2019y a pas de routine.\u00a0\u00bb Franck, 33 ans, ne ment pas lorsqu\u2019il liste les raisons qui lui font rev\u00eatir l\u2019uniforme de policier municipal.<\/p>\n<p>Ce mercredi d\u2019ao\u00fbt, de 14 \u00e0 23 heures, il va patrouiller avec Lo\u00efc, \u00e0 la campagne comme \u00e0 la ville, en balayant un large \u00e9ventail de t\u00e2ches. Apr\u00e8s leur prise de service, les deux hommes commencent par se rendre \u00e0 Saint-Maurice-en-Gourgois o\u00f9 ils retrouvent l\u2019adjoint municipal charg\u00e9 de la s\u00e9curit\u00e9 qui leur passe les consignes du jour\u00a0: <a href=\"https:\/\/www.leprogres.fr\/faits-divers-justice\/2025\/08\/10\/la-police-municipale-s-occupe-aussi-des-divagations-d-animaux-de-compagnie\" target=\"_blank\" rel=\"noopener\">un chien en divagation a \u00e9t\u00e9 captur\u00e9<\/a>, faire quelques contr\u00f4les routiers l\u00e0 o\u00f9 des riverains se plaignent de la vitesse des automobilistes, v\u00e9rifier que le parc et le stade ne soient pas&#8230;<\/p>\n","protected":false},"excerpt":{"rendered":"\u00ab\u00a0Ce que j\u2019aime, c\u2019est que l\u2019impr\u00e9vu est permanent. Les missions sont vari\u00e9es, en ext\u00e9rieur et il n\u2019y a&hellip;\n","protected":false},"author":2,"featured_media":326552,"comment_status":"","ping_status":"","sticky":false,"template":"","format":"standard","meta":{"footnotes":""},"categories":[9653],"tags":[1111,11,2430,271,272,7539,1777,674,274,107,10282,10283,1011,27,3367,12,25,4001,104],"class_list":{"0":"post-326551","1":"post","2":"type-post","3":"status-publish","4":"format-standard","5":"has-post-thumbnail","7":"category-saint-etienne","8":"tag-actu","9":"tag-actualites","10":"tag-auvergne-rhone-alpes","11":"tag-crime","12":"tag-delit-et-contravention","13":"tag-edition-loire-sud","14":"tag-eu","15":"tag-europe","16":"tag-faits-divers-justice","17":"tag-fil-info","18":"tag-firminy","19":"tag-firminy-ville","20":"tag-fr","21":"tag-france","22":"tag-loire","23":"tag-news","24":"tag-republique-francaise","25":"tag-saint-etienne","26":"tag-societe"},"share_on_mastodon":{"url":"https:\/\/pubeurope.com\/@fr\/115048643514154404","error":""},"_links":{"self":[{"href":"https:\/\/www.europesays.com\/fr\/wp-json\/wp\/v2\/posts\/326551","targetHints":{"allow":["GET"]}}],"collection":[{"href":"https:\/\/www.europesays.com\/fr\/wp-json\/wp\/v2\/posts"}],"about":[{"href":"https:\/\/www.europesays.com\/fr\/wp-json\/wp\/v2\/types\/post"}],"author":[{"embeddable":true,"href":"https:\/\/www.europesays.com\/fr\/wp-json\/wp\/v2\/users\/2"}],"replies":[{"embeddable":true,"href":"https:\/\/www.europesays.com\/fr\/wp-json\/wp\/v2\/comments?post=326551"}],"version-history":[{"count":0,"href":"https:\/\/www.europesays.com\/fr\/wp-json\/wp\/v2\/posts\/326551\/revisions"}],"wp:featuredmedia":[{"embeddable":true,"href":"https:\/\/www.europesays.com\/fr\/wp-json\/wp\/v2\/media\/326552"}],"wp:attachment":[{"href":"https:\/\/www.europesays.com\/fr\/wp-json\/wp\/v2\/media?parent=326551"}],"wp:term":[{"taxonomy":"category","embeddable":true,"href":"https:\/\/www.europesays.com\/fr\/wp-json\/wp\/v2\/categories?post=326551"},{"taxonomy":"post_tag","embeddable":true,"href":"https:\/\/www.europesays.com\/fr\/wp-json\/wp\/v2\/tags?post=326551"}],"curies":[{"name":"wp","href":"https:\/\/api.w.org\/{rel}","templated":true}]}}