{"id":326568,"date":"2025-08-18T07:53:10","date_gmt":"2025-08-18T07:53:10","guid":{"rendered":"https:\/\/www.europesays.com\/fr\/326568\/"},"modified":"2025-08-18T07:53:10","modified_gmt":"2025-08-18T07:53:10","slug":"grenoble-necrologie-andre-zanassi","status":"publish","type":"post","link":"https:\/\/www.europesays.com\/fr\/326568\/","title":{"rendered":"Grenoble | N\u00e9crologie. Andr\u00e9 Zanassi"},"content":{"rendered":"<p>Le 19\u00a0juillet, \u00e0 l\u2019\u00e2ge de 91 ans, s\u2019est \u00e9teint Andr\u00e9 Jean Zanassi, figure majeure de l\u2019architecture grenobloise et internationale. N\u00e9 \u00e0 Fontaine le 31\u00a0mars 1934, dipl\u00f4m\u00e9 de l\u2019\u00c9cole nationale sup\u00e9rieure des Beaux-Arts en 1961, il obtient le Prix du meilleur dipl\u00f4me national de la Soci\u00e9t\u00e9 des architectes dipl\u00f4m\u00e9s par le gouvernement et se distingue comme logiste au Grand prix de Rome en 1963. Laur\u00e9at des prestigieux prix Clavel et Ja\u00ff, il cumule m\u00e9dailles et distinctions, y compris celle de reconnaissance des Architectes am\u00e9ricains.<\/p>\n<p>Form\u00e9 aupr\u00e8s de Jean Benoit, puis adjoint du premier Grand Prix de Rome Henry Bernard, il dirige de 1963 \u00e0 1968 l\u2019atelier d\u2019urbanisme de l\u2019agglom\u00e9ration grenobloise. \u00c0 ce titre, il contribue \u00e0 l\u2019\u00e9tude et \u00e0 la mise en place des infrastructures et \u00e9quipements pour les JO de Grenoble en 1968. Andr\u00e9 Zanassi a exerc\u00e9 en France et \u00e0 l\u2019\u00e9tranger\u00a0: am\u00e9nagement de la travers\u00e9e d\u2019Ispahan par la rivi\u00e8re Zayandeh-Rud (Iran), r\u00e9novation et urbanisation du front de mer \u00e0 Annaba (Alg\u00e9rie), projets hydrauliques en Irak. En France, il \u0153uvre comme architecte-urbaniste conseil du minist\u00e8re de l\u2019\u00c9quipement, pr\u00e9sident du conseil r\u00e9gional de l\u2019ordre, professeur et jur\u00e9 \u00e0 l\u2019ENSBA.<\/p>\n<p>Grenoble porte encore l\u2019empreinte de ses r\u00e9alisations\u00a0: le si\u00e8ge de la CCI place Malraux, ou encore le quartier Reyni\u00e8s-Bayard pens\u00e9 avec Denis Bonzy, alors maire de Saint-Paul-de-Varces. Urbaniste dans l\u2019\u00e2me, Andr\u00e9 Zanassi concevait ses projets en lien \u00e9troit avec l\u2019existant.<\/p>\n<p>Homme cultiv\u00e9, \u00e9l\u00e9gant et attachant, il aimait transmettre. Denis Bonzy garde le souvenir d\u2019un \u00ab\u00a0p\u00e9dagogue capable de faire partager ses convictions.\u00a0\u00a0\u00bb<\/p>\n<p>Andr\u00e9 Zanassi a men\u00e9 une vie riche et exigeante, tiss\u00e9e de rencontres, de projets et d\u2019engagements. Sa famille, son \u00e9pouse, ses enfants Julien et Paul, sa fille, ses petits-enfants et beaux-enfants, et ses confr\u00e8res et amis saluent la m\u00e9moire d\u2019un b\u00e2tisseur au talent rare et au regard profond\u00e9ment humain.<\/p>\n","protected":false},"excerpt":{"rendered":"Le 19\u00a0juillet, \u00e0 l\u2019\u00e2ge de 91 ans, s\u2019est \u00e9teint Andr\u00e9 Jean Zanassi, figure majeure de l\u2019architecture grenobloise et&hellip;\n","protected":false},"author":2,"featured_media":326569,"comment_status":"","ping_status":"","sticky":false,"template":"","format":"standard","meta":{"footnotes":""},"categories":[9566],"tags":[1111,11,2430,9223,112,1777,674,1011,27,2731,2732,1391,12,25,104],"class_list":{"0":"post-326568","1":"post","2":"type-post","3":"status-publish","4":"format-standard","5":"has-post-thumbnail","7":"category-grenoble","8":"tag-actu","9":"tag-actualites","10":"tag-auvergne-rhone-alpes","11":"tag-carnet-du-jour","12":"tag-edition-grenoble-agglomeration","13":"tag-eu","14":"tag-europe","15":"tag-fr","16":"tag-france","17":"tag-grenoble","18":"tag-grenoble-bassin","19":"tag-necrologie","20":"tag-news","21":"tag-republique-francaise","22":"tag-societe"},"share_on_mastodon":{"url":"https:\/\/pubeurope.com\/@fr\/115048690693779672","error":""},"_links":{"self":[{"href":"https:\/\/www.europesays.com\/fr\/wp-json\/wp\/v2\/posts\/326568","targetHints":{"allow":["GET"]}}],"collection":[{"href":"https:\/\/www.europesays.com\/fr\/wp-json\/wp\/v2\/posts"}],"about":[{"href":"https:\/\/www.europesays.com\/fr\/wp-json\/wp\/v2\/types\/post"}],"author":[{"embeddable":true,"href":"https:\/\/www.europesays.com\/fr\/wp-json\/wp\/v2\/users\/2"}],"replies":[{"embeddable":true,"href":"https:\/\/www.europesays.com\/fr\/wp-json\/wp\/v2\/comments?post=326568"}],"version-history":[{"count":0,"href":"https:\/\/www.europesays.com\/fr\/wp-json\/wp\/v2\/posts\/326568\/revisions"}],"wp:featuredmedia":[{"embeddable":true,"href":"https:\/\/www.europesays.com\/fr\/wp-json\/wp\/v2\/media\/326569"}],"wp:attachment":[{"href":"https:\/\/www.europesays.com\/fr\/wp-json\/wp\/v2\/media?parent=326568"}],"wp:term":[{"taxonomy":"category","embeddable":true,"href":"https:\/\/www.europesays.com\/fr\/wp-json\/wp\/v2\/categories?post=326568"},{"taxonomy":"post_tag","embeddable":true,"href":"https:\/\/www.europesays.com\/fr\/wp-json\/wp\/v2\/tags?post=326568"}],"curies":[{"name":"wp","href":"https:\/\/api.w.org\/{rel}","templated":true}]}}