{"id":326570,"date":"2025-08-18T07:54:34","date_gmt":"2025-08-18T07:54:34","guid":{"rendered":"https:\/\/www.europesays.com\/fr\/326570\/"},"modified":"2025-08-18T07:54:34","modified_gmt":"2025-08-18T07:54:34","slug":"saint-erblon-la-guinguette-camille-et-leon-propose-des-animations","status":"publish","type":"post","link":"https:\/\/www.europesays.com\/fr\/326570\/","title":{"rendered":"Saint-Erblon. La guinguette Camille et L\u00e9on propose des animations"},"content":{"rendered":"<p>La guinguette mobile Camille et L\u00e9on, qui s\u2019est install\u00e9e dans la commune pour l\u2019\u00e9t\u00e9, a du succ\u00e8s. <strong>\u00ab\u00a0Les gens qui viennent nous voir sont tr\u00e8s attentifs \u00e0 la programmation<\/strong>, confie Matthieu Louapre, qui fait partie du groupe d\u2019amis \u00e0 l\u2019initiative de cette guinguette. L\u2019id\u00e9e est de proposer des choses relativement \u00e9clectiques\u00a0: musique, spectacle, th\u00e9\u00e2tre, chant et performance.\u00a0<\/p>\n<p>Apr\u00e8s un concert de punk-rock f\u00e9ministe ou encore des lectures perform\u00e9es, la semaine se termine avec un atelier d\u2019\u00e9criture anim\u00e9 par Anna Chaineau, \u00e9crivaine, dimanche, \u00e0 15\u00a0h\u00a030 (sur inscription). Et d\u2019autres animations sont \u00e0 venir d\u2019ici la fin de l\u2019\u00e9t\u00e9.<\/p>\n<p><strong>Guinguette Camille et L\u00e9on,<\/strong> ouverte jusqu\u2019au 7\u00a0septembre, du mardi au vendredi, de 16\u00a0h \u00e0 22\u00a0h, le samedi jusqu\u2019\u00e0 23\u00a0h et le dimanche, de 14\u00a0h \u00e0 20\u00a0h, parc de l\u2019Ise. Stationnement sur le parking de l\u2019Ise. Acc\u00e8s libre, participation au chapeau apr\u00e8s les spectacles. R\u00e9servations au t\u00e9l.\u00a007\u00a088\u00a042\u00a006\u00a014. Programmation \u00e0 retrouver sur le compte Instagram @camille_et_leon<\/p>\n<p>\u00a0<\/p>\n","protected":false},"excerpt":{"rendered":"La guinguette mobile Camille et L\u00e9on, qui s\u2019est install\u00e9e dans la commune pour l\u2019\u00e9t\u00e9, a du succ\u00e8s. \u00ab\u00a0Les&hellip;\n","protected":false},"author":2,"featured_media":326571,"comment_status":"","ping_status":"","sticky":false,"template":"","format":"standard","meta":{"footnotes":""},"categories":[2821],"tags":[1111,11,1063,829,16630,1777,674,1011,27,5691,26162,12,6088,584,25,38436],"class_list":{"0":"post-326570","1":"post","2":"type-post","3":"status-publish","4":"format-standard","5":"has-post-thumbnail","7":"category-rennes","8":"tag-actu","9":"tag-actualites","10":"tag-animations","11":"tag-bretagne","12":"tag-camille","13":"tag-eu","14":"tag-europe","15":"tag-fr","16":"tag-france","17":"tag-guinguette","18":"tag-leon","19":"tag-news","20":"tag-propose","21":"tag-rennes","22":"tag-republique-francaise","23":"tag-saint-erblon"},"share_on_mastodon":{"url":"https:\/\/pubeurope.com\/@fr\/115048694613094682","error":""},"_links":{"self":[{"href":"https:\/\/www.europesays.com\/fr\/wp-json\/wp\/v2\/posts\/326570","targetHints":{"allow":["GET"]}}],"collection":[{"href":"https:\/\/www.europesays.com\/fr\/wp-json\/wp\/v2\/posts"}],"about":[{"href":"https:\/\/www.europesays.com\/fr\/wp-json\/wp\/v2\/types\/post"}],"author":[{"embeddable":true,"href":"https:\/\/www.europesays.com\/fr\/wp-json\/wp\/v2\/users\/2"}],"replies":[{"embeddable":true,"href":"https:\/\/www.europesays.com\/fr\/wp-json\/wp\/v2\/comments?post=326570"}],"version-history":[{"count":0,"href":"https:\/\/www.europesays.com\/fr\/wp-json\/wp\/v2\/posts\/326570\/revisions"}],"wp:featuredmedia":[{"embeddable":true,"href":"https:\/\/www.europesays.com\/fr\/wp-json\/wp\/v2\/media\/326571"}],"wp:attachment":[{"href":"https:\/\/www.europesays.com\/fr\/wp-json\/wp\/v2\/media?parent=326570"}],"wp:term":[{"taxonomy":"category","embeddable":true,"href":"https:\/\/www.europesays.com\/fr\/wp-json\/wp\/v2\/categories?post=326570"},{"taxonomy":"post_tag","embeddable":true,"href":"https:\/\/www.europesays.com\/fr\/wp-json\/wp\/v2\/tags?post=326570"}],"curies":[{"name":"wp","href":"https:\/\/api.w.org\/{rel}","templated":true}]}}