{"id":326582,"date":"2025-08-18T08:01:11","date_gmt":"2025-08-18T08:01:11","guid":{"rendered":"https:\/\/www.europesays.com\/fr\/326582\/"},"modified":"2025-08-18T08:01:11","modified_gmt":"2025-08-18T08:01:11","slug":"la-sortie-de-tres-mauvais-gout-de-waldemar-kita-en-marge-de-nantes-psg-france-fc-nantes","status":"publish","type":"post","link":"https:\/\/www.europesays.com\/fr\/326582\/","title":{"rendered":"La sortie de tr\u00e8s mauvais go\u00fbt de Waldemar Kita en marge de Nantes-PSG &#8211; France &#8211; FC Nantes"},"content":{"rendered":"<p>Une phrase digne d\u2019un d\u00e9put\u00e9 RN.<\/p>\n<p>Juste avant le coup d\u2019envoi de Nantes-PSG ce dimanche soir, Waldemar Kita <a target=\"_blank\" href=\"https:\/\/www.sofoot.com\/breves\/waldemar-kita-offre-une-coupe-en-chocolat-a-marquinhos#goog_rewarded\" rel=\"nofollow noopener\">a offert une Ligue des champions en chocolat \u00e0 Marquinhos.<\/a> Pendant que les deux hommes discutaient quelques instants, le nouveau diffuseur Ligue 1+, d\u00e9cid\u00e9ment au plus proche des acteurs, <strong>a capt\u00e9 une phrase compl\u00e8tement lunaire<\/strong> sortie de la bouche de l\u2019homme d\u2019affaires franco-polonais.<\/p>\n<p>\u00ab\u202f\u00a0C\u2019est bien, vous les Br\u00e9siliens, vous vous adaptez bien en France \u00bb<\/p>\n<p>Alors qu\u2019il pensait \u00eatre \u00e0 l\u2019abri des micros, Kita s\u2019est lanc\u00e9 dans une sortie de tr\u00e8s mauvais go\u00fbt en direct : \u202f\u00ab\u202fC\u2019est bien, vous les Br\u00e9siliens, vous vous adaptez bien en France, et en plus de \u00e7a vous \u00eates chr\u00e9tiens.\u00a0\u00bb\u00a0<\/p>\n<p>D\u00e9j\u00e0 troubl\u00e9 par le cadeau ubuesque du pr\u00e9sident nantais,\u00a0Marquinhos a alors esquiss\u00e9 un sourire de g\u00eane profond. Ces propos, bas\u00e9s sur des st\u00e9r\u00e9otypes \u00e0 caract\u00e8re religieux,<strong> ont rapidement \u00e9t\u00e9 qualifi\u00e9s de d\u00e9rapage raciste par les internautes<\/strong>, alors que la plateforme a supprim\u00e9 l\u2019extrait de ses r\u00e9seaux sociaux.\u00a0Ni la cha\u00eene, ni le FC Nantes n\u2019ont pour l\u2019instant r\u00e9agi.<\/p>\n<p>\t\t\t\t\t\t\t\t\t\t<a class=\"lien-connexe\" href=\"https:\/\/www.sofoot.com\/articles\/ligue-1-les-notes-de-nantes-paris-saint-germain\" rel=\"nofollow noopener\" target=\"_blank\">Les notes de Nantes-PSG<\/a>\t\t\t\t\t<\/p>\n","protected":false},"excerpt":{"rendered":"Une phrase digne d\u2019un d\u00e9put\u00e9 RN. Juste avant le coup d\u2019envoi de Nantes-PSG ce dimanche soir, Waldemar Kita&hellip;\n","protected":false},"author":2,"featured_media":326583,"comment_status":"","ping_status":"","sticky":false,"template":"","format":"standard","meta":{"footnotes":""},"categories":[2818],"tags":[1111,47,11,61,69,65,64,1777,674,63,1011,27,68,66,766,12,62,2636,70,25,67],"class_list":{"0":"post-326582","1":"post","2":"type-post","3":"status-publish","4":"format-standard","5":"has-post-thumbnail","7":"category-nantes","8":"tag-actu","9":"tag-actualite","10":"tag-actualites","11":"tag-actus-football","12":"tag-bundesliga","13":"tag-championnats-europeens","14":"tag-equipe-de-france","15":"tag-eu","16":"tag-europe","17":"tag-football","18":"tag-fr","19":"tag-france","20":"tag-ligua","21":"tag-ligue-1","22":"tag-nantes","23":"tag-news","24":"tag-news-foot","25":"tag-pays-de-la-loire","26":"tag-premier-league","27":"tag-republique-francaise","28":"tag-serie-a"},"share_on_mastodon":{"url":"https:\/\/pubeurope.com\/@fr\/115048722319371857","error":""},"_links":{"self":[{"href":"https:\/\/www.europesays.com\/fr\/wp-json\/wp\/v2\/posts\/326582","targetHints":{"allow":["GET"]}}],"collection":[{"href":"https:\/\/www.europesays.com\/fr\/wp-json\/wp\/v2\/posts"}],"about":[{"href":"https:\/\/www.europesays.com\/fr\/wp-json\/wp\/v2\/types\/post"}],"author":[{"embeddable":true,"href":"https:\/\/www.europesays.com\/fr\/wp-json\/wp\/v2\/users\/2"}],"replies":[{"embeddable":true,"href":"https:\/\/www.europesays.com\/fr\/wp-json\/wp\/v2\/comments?post=326582"}],"version-history":[{"count":0,"href":"https:\/\/www.europesays.com\/fr\/wp-json\/wp\/v2\/posts\/326582\/revisions"}],"wp:featuredmedia":[{"embeddable":true,"href":"https:\/\/www.europesays.com\/fr\/wp-json\/wp\/v2\/media\/326583"}],"wp:attachment":[{"href":"https:\/\/www.europesays.com\/fr\/wp-json\/wp\/v2\/media?parent=326582"}],"wp:term":[{"taxonomy":"category","embeddable":true,"href":"https:\/\/www.europesays.com\/fr\/wp-json\/wp\/v2\/categories?post=326582"},{"taxonomy":"post_tag","embeddable":true,"href":"https:\/\/www.europesays.com\/fr\/wp-json\/wp\/v2\/tags?post=326582"}],"curies":[{"name":"wp","href":"https:\/\/api.w.org\/{rel}","templated":true}]}}