{"id":326586,"date":"2025-08-18T08:03:13","date_gmt":"2025-08-18T08:03:13","guid":{"rendered":"https:\/\/www.europesays.com\/fr\/326586\/"},"modified":"2025-08-18T08:03:13","modified_gmt":"2025-08-18T08:03:13","slug":"les-banderoles-et-lambiance-du-virage-sud-lors-de-bordeaux-avranches","status":"publish","type":"post","link":"https:\/\/www.europesays.com\/fr\/326586\/","title":{"rendered":"Les banderoles et l&rsquo;ambiance du Virage Sud lors de Bordeaux-Avranches"},"content":{"rendered":"<p><img width=\"773\" height=\"380\" data-lazy-type=\"image\" src=\"https:\/\/www.europesays.com\/fr\/wp-content\/uploads\/2025\/08\/bandicam-2025-08-16-20-59-50-139-773x380.jpg\" class=\"lazy lazy-hidden attachment-alchemists_thumbnail-lg size-alchemists_thumbnail-lg wp-post-image\" alt=\"\" decoding=\"async\" fetchpriority=\"high\"\/><\/p>\n<p>Une fois n\u2019est pas coutume, les joueurs interrog\u00e9s par<br \/>\nl\u2019ambiance lors de la rencontre entre les Girondins de Bordeaux et<br \/>\nl\u2019US Avranches, ont \u00e9t\u00e9 \u00e9logieux envers le Virage Sud. Que ce soit<br \/>\nL\u00e9o Jousselin qui a ressenti de \u201cla fiert\u00e9 de jouer devant<br \/>\nautant de gens en National 2\u201d, ou encore \u00c9ric Vandenabeele qui<br \/>\nconnaissait d\u00e9j\u00e0 la ferveur pour avoir \u00e9t\u00e9 de ce fameux<br \/>\nBordeaux-Rodez, et qui a reconnu \u201cavoir \u00e9t\u00e9 impressionn\u00e9\u201d<br \/>\net m\u00eame avoir \u201ceu un peu les frissons \u00e0<br \/>\nl\u2019\u00e9chauffement\u201d.<\/p>\n<p>Il faut dire que pour le premier match de la seconde saison de<br \/>\nNational 2, <strong>11953<\/strong> personnes \u00e9taient au Stade<br \/>\nAtlantique, et pour un mois d\u2019ao\u00fbt c\u2019est plut\u00f4t remarquable.<\/p>\n<p>Les Ultramarines ont commenc\u00e9 les festivit\u00e9s par un tr\u00e8s grand<br \/>\ntifo, prenant toute la largeur du Virage Sud centre : <strong>\u201cLes<br \/>\ngrands clubs ne meurent jamais \u2013 Football Club des Girondins de<br \/>\nBordeaux\u201d.\u00a0<\/strong><\/p>\n<p style=\"text-align: center;\"><img loading=\"lazy\" decoding=\"async\" class=\"lazy lazy-hidden alignnone wp-image-559798\" data-lazy-type=\"image\" src=\"https:\/\/www.europesays.com\/fr\/wp-content\/uploads\/2025\/08\/bandicam-2025-08-16-20-57-18-708.jpg\" alt=\"\" width=\"423\" height=\"282\"  \/><\/p>\n<p>Puis, pendant la rencontre, ils ont apport\u00e9 leur soutien au<br \/>\npeuple palestinien, mais pas que, \u00e0 tous ceux qui sont opprim\u00e9s<br \/>\ndans le monde.<\/p>\n<p style=\"text-align: center;\"><strong>\u00ab Soutien \u00e0 tous les peuples<br \/>\nopprim\u00e9s ! Cessez-le-feu maintenant ! \u00bb<\/strong><\/p>\n<p style=\"text-align: center;\"><img loading=\"lazy\" decoding=\"async\" class=\"lazy lazy-hidden alignnone wp-image-559825\" data-lazy-type=\"image\" src=\"https:\/\/www.europesays.com\/fr\/wp-content\/uploads\/2025\/08\/bandicam-2025-08-16-21-37-17-759.jpg\" alt=\"\" width=\"410\" height=\"274\"  \/><\/p>\n<p>Enfin, une derni\u00e8re banderole est apparue aux yeux de tous,<br \/>\n<strong>\u201cLiberta per gli ultras, forza Boys Parma\u201d<\/strong>,<br \/>\ncomprenez \u201cLibert\u00e9 pour les ultras, allez les Boys Parma<br \/>\n!\u201d. Depuis des ann\u00e9es maintenant, les UB87 entretiennent une<br \/>\namiti\u00e9 avec les \u201cBoys Parma\u201d, groupe de supporters Italiens.<\/p>\n<p style=\"text-align: center;\"><img loading=\"lazy\" decoding=\"async\" class=\"lazy lazy-hidden alignnone wp-image-559815\" data-lazy-type=\"image\" src=\"https:\/\/www.europesays.com\/fr\/wp-content\/uploads\/2025\/08\/bandicam-2025-08-16-21-22-27-118.jpg\" alt=\"\" width=\"408\" height=\"272\"  \/><\/p>\n<p>La vid\u00e9o<\/p>\n<p>Enfin, comme chaque match \u00e0 domicile, et gr\u00e2ce \u00e0 <a href=\"https:\/\/www.youtube.com\/@jeremyvaslot_\" rel=\"nofollow noopener\" target=\"_blank\"><strong>J\u00e9r\u00e9my<br \/>\nVaslot<\/strong><\/a>, d\u00e9couvrez l\u2019ambiance du match et donc du<br \/>\nVirage Sud, dans la vid\u00e9o ci-dessous.<\/p><\/p>\n","protected":false},"excerpt":{"rendered":"Une fois n\u2019est pas coutume, les joueurs interrog\u00e9s par l\u2019ambiance lors de la rencontre entre les Girondins de&hellip;\n","protected":false},"author":2,"featured_media":326587,"comment_status":"","ping_status":"","sticky":false,"template":"","format":"standard","meta":{"footnotes":""},"categories":[2817],"tags":[1111,11,1997,1777,674,1011,27,12,2219,25],"class_list":{"0":"post-326586","1":"post","2":"type-post","3":"status-publish","4":"format-standard","5":"has-post-thumbnail","7":"category-bordeaux","8":"tag-actu","9":"tag-actualites","10":"tag-bordeaux","11":"tag-eu","12":"tag-europe","13":"tag-fr","14":"tag-france","15":"tag-news","16":"tag-nouvelle-aquitaine","17":"tag-republique-francaise"},"share_on_mastodon":{"url":"https:\/\/pubeurope.com\/@fr\/115048730234102366","error":""},"_links":{"self":[{"href":"https:\/\/www.europesays.com\/fr\/wp-json\/wp\/v2\/posts\/326586","targetHints":{"allow":["GET"]}}],"collection":[{"href":"https:\/\/www.europesays.com\/fr\/wp-json\/wp\/v2\/posts"}],"about":[{"href":"https:\/\/www.europesays.com\/fr\/wp-json\/wp\/v2\/types\/post"}],"author":[{"embeddable":true,"href":"https:\/\/www.europesays.com\/fr\/wp-json\/wp\/v2\/users\/2"}],"replies":[{"embeddable":true,"href":"https:\/\/www.europesays.com\/fr\/wp-json\/wp\/v2\/comments?post=326586"}],"version-history":[{"count":0,"href":"https:\/\/www.europesays.com\/fr\/wp-json\/wp\/v2\/posts\/326586\/revisions"}],"wp:featuredmedia":[{"embeddable":true,"href":"https:\/\/www.europesays.com\/fr\/wp-json\/wp\/v2\/media\/326587"}],"wp:attachment":[{"href":"https:\/\/www.europesays.com\/fr\/wp-json\/wp\/v2\/media?parent=326586"}],"wp:term":[{"taxonomy":"category","embeddable":true,"href":"https:\/\/www.europesays.com\/fr\/wp-json\/wp\/v2\/categories?post=326586"},{"taxonomy":"post_tag","embeddable":true,"href":"https:\/\/www.europesays.com\/fr\/wp-json\/wp\/v2\/tags?post=326586"}],"curies":[{"name":"wp","href":"https:\/\/api.w.org\/{rel}","templated":true}]}}