{"id":326593,"date":"2025-08-18T08:07:10","date_gmt":"2025-08-18T08:07:10","guid":{"rendered":"https:\/\/www.europesays.com\/fr\/326593\/"},"modified":"2025-08-18T08:07:10","modified_gmt":"2025-08-18T08:07:10","slug":"une-voiture-vole-sur-10m-et-abat-un-arbre-a-lille-18-08-2025","status":"publish","type":"post","link":"https:\/\/www.europesays.com\/fr\/326593\/","title":{"rendered":"Une voiture vole sur 10m et abat un arbre \u00e0 Lille &#8211; 18\/08\/2025"},"content":{"rendered":"<p>  Un virage tr\u00e8s dangereuxCe point noir routier fait r\u00e9guli\u00e8rement parler de lui dans le quartier Vauban. \u00c0 l&rsquo;entr\u00e9e de la <strong>rue de Solf\u00e9rino<\/strong>, en arrivant de <strong>Lambersart<\/strong>, la route dessine une courbe soudaine en bordure de la De\u00fble.Les automobilistes lillois connaissent bien ce pi\u00e8ge. Depuis vingt ans, nombreux sont ceux qui ratent ce virage serr\u00e9. En venant de Lille, l&rsquo;erreur m\u00e8ne directement dans les eaux de la De\u00fble. Dans l&rsquo;autre sens, depuis Lambersart, oublier de tourner conduit vers le petit parc sous la passerelle pi\u00e9tonne Solf\u00e9rino.Une trajectoire spectaculaire\u00a0Cette fois-ci, la sc\u00e8ne s\u2019est d\u00e9roul\u00e9e peu apr\u00e8s minuit. La <strong>Kia<\/strong> a d\u2019abord arrach\u00e9 le muret en b\u00e9ton prot\u00e9geant la piste cyclable, r\u00e9cemment r\u00e9nov\u00e9e. Elle a ensuite \u00e9cras\u00e9 un petit arbre, avant de d\u00e9coller sur plusieurs m\u00e8tres. Le v\u00e9hicule a rebondi sur l\u2019herbe, puis s\u2019est \u00e9cras\u00e9 violemment contre un second arbre.Les traces visibles au sol et la dispersion des d\u00e9bris donnent une id\u00e9e de la puissance du choc. Sur pr\u00e8s de <strong>200 m\u00b2<\/strong>, on retrouvait des morceaux de carrosserie, des \u00e9l\u00e9ments de b\u00e9ton et des projections d\u2019huile. Des blocs de b\u00e9ton ont m\u00eame \u00e9t\u00e9 retrouv\u00e9s \u00e0 plus de 15 m\u00e8tres du point d\u2019impact.\u00a0Intervention rapide des t\u00e9moins et secours<\/p>\n<blockquote><p>\n\u00ab \u00c7a s\u2019est pass\u00e9 vers minuit. On a l\u2019habitude des accidents sur ce virage, mais l\u00e0, c\u2019est vraiment impressionnant. On a entendu un grand boum, sec. \u00bb\u00a0<\/p><\/blockquote>\n<p>Le choc s\u2019est produit \u00e0 une centaine de m\u00e8tres seulement des terrasses situ\u00e9es avenue <strong>L\u00e9on-Jouhaux<\/strong>.Deux serveurs du restaurant Le Corfou ont imm\u00e9diatement couru vers la voiture apr\u00e8s avoir assist\u00e9 \u00e0 l\u2019accident. \u00ab La voiture \u00e9tait sur le flanc apr\u00e8s avoir touch\u00e9 l\u2019arbre. Ils ont sorti le conducteur qui \u00e9tait compl\u00e8tement sonn\u00e9 \u00bb, t\u00e9moigne un habitant.Un conducteur l\u00e9g\u00e8rement bless\u00e9Les pompiers sont rapidement intervenus. Ils ont pris en charge le conducteur, seul \u00e0 bord, l\u00e9g\u00e8rement bless\u00e9 mais conscient. Il a \u00e9t\u00e9 transport\u00e9 pour des examens compl\u00e9mentaires. La police a ouvert une enqu\u00eate afin de d\u00e9terminer les circonstances exactes de l\u2019accident.D\u00e8s le lendemain, passants et cyclistes d\u00e9couvraient les traces laiss\u00e9es par la collision, encore visibles sur la piste cyclable et dans le petit parc. Beaucoup s\u2019arr\u00eataient, \u00e9bahis par la violence de la sc\u00e8ne.\u00a0<\/p>\n","protected":false},"excerpt":{"rendered":"Un virage tr\u00e8s dangereuxCe point noir routier fait r\u00e9guli\u00e8rement parler de lui dans le quartier Vauban. \u00c0 l&rsquo;entr\u00e9e&hellip;\n","protected":false},"author":2,"featured_media":326594,"comment_status":"","ping_status":"","sticky":false,"template":"","format":"standard","meta":{"footnotes":""},"categories":[2815],"tags":[1111,11,1777,674,1011,27,811,1307,12,25],"class_list":{"0":"post-326593","1":"post","2":"type-post","3":"status-publish","4":"format-standard","5":"has-post-thumbnail","7":"category-lille","8":"tag-actu","9":"tag-actualites","10":"tag-eu","11":"tag-europe","12":"tag-fr","13":"tag-france","14":"tag-hauts-de-france","15":"tag-lille","16":"tag-news","17":"tag-republique-francaise"},"share_on_mastodon":{"url":"https:\/\/pubeurope.com\/@fr\/115048745785331194","error":""},"_links":{"self":[{"href":"https:\/\/www.europesays.com\/fr\/wp-json\/wp\/v2\/posts\/326593","targetHints":{"allow":["GET"]}}],"collection":[{"href":"https:\/\/www.europesays.com\/fr\/wp-json\/wp\/v2\/posts"}],"about":[{"href":"https:\/\/www.europesays.com\/fr\/wp-json\/wp\/v2\/types\/post"}],"author":[{"embeddable":true,"href":"https:\/\/www.europesays.com\/fr\/wp-json\/wp\/v2\/users\/2"}],"replies":[{"embeddable":true,"href":"https:\/\/www.europesays.com\/fr\/wp-json\/wp\/v2\/comments?post=326593"}],"version-history":[{"count":0,"href":"https:\/\/www.europesays.com\/fr\/wp-json\/wp\/v2\/posts\/326593\/revisions"}],"wp:featuredmedia":[{"embeddable":true,"href":"https:\/\/www.europesays.com\/fr\/wp-json\/wp\/v2\/media\/326594"}],"wp:attachment":[{"href":"https:\/\/www.europesays.com\/fr\/wp-json\/wp\/v2\/media?parent=326593"}],"wp:term":[{"taxonomy":"category","embeddable":true,"href":"https:\/\/www.europesays.com\/fr\/wp-json\/wp\/v2\/categories?post=326593"},{"taxonomy":"post_tag","embeddable":true,"href":"https:\/\/www.europesays.com\/fr\/wp-json\/wp\/v2\/tags?post=326593"}],"curies":[{"name":"wp","href":"https:\/\/api.w.org\/{rel}","templated":true}]}}