{"id":326597,"date":"2025-08-18T08:09:10","date_gmt":"2025-08-18T08:09:10","guid":{"rendered":"https:\/\/www.europesays.com\/fr\/326597\/"},"modified":"2025-08-18T08:09:10","modified_gmt":"2025-08-18T08:09:10","slug":"pres-de-marseille-cette-plage-fermee-depuis-plusieurs-jours-voici-pourquoi","status":"publish","type":"post","link":"https:\/\/www.europesays.com\/fr\/326597\/","title":{"rendered":"Pr\u00e8s de Marseille. Cette plage ferm\u00e9e depuis plusieurs jours, voici pourquoi"},"content":{"rendered":"<p>            Par<br \/>\n        <strong><br \/>\n            <a href=\"https:\/\/actu.fr\/auteur\/thibault-nadal-actu-fr\" title=\"Consulter tous les articles de Thibault Nadal\" target=\"_blank\" rel=\"noopener\">Thibault Nadal<\/a><br \/>\n        <\/strong><\/p>\n<p>        Publi\u00e9 le<\/p>\n<p>            18 ao\u00fbt 2025 \u00e0 9h43        <\/p>\n<p>Il ne fait pas bon de se trouver \u00e0 <a href=\"https:\/\/actu.fr\/provence-alpes-cote-d-azur\/martigues_13056\" target=\"_blank\" rel=\"noopener\">Martigues<\/a> (<a href=\"https:\/\/actu.fr\/provence-alpes-cote-d-azur\/bouches-du-rhone_13\" target=\"_blank\" rel=\"noopener\">Bouches-du-Rh\u00f4ne<\/a>) pour se rafra\u00eechir en cette p\u00e9riode de <a href=\"https:\/\/actu.fr\/provence-alpes-cote-d-azur\/marseille_13055\/canicule-a-marseille-et-dans-les-bouches-du-rhone-jusqu-a-quand-va-t-on-encore-suffoquer_63033358.html\" target=\"_blank\" rel=\"noopener\">canicule intense<\/a>. En effet, ce samedi 16\u00a0ao\u00fbt 2025, la municipalit\u00e9 a d\u00e9cid\u00e9 de fermer d\u2019urgence deux plages.<\/p>\n<p class=\" wall-content\">Ce dimanche, seule celle de <strong>Ferri\u00e8res<\/strong> a pu rouvrir. La <a href=\"https:\/\/actu.fr\/tag\/plages\" target=\"_blank\" rel=\"noopener\">plage<\/a> de <strong>Figuerolles<\/strong> restant ferm\u00e9e pour le moment.<\/p>\n<p class=\" wall-content\">Voici pourquoi.<\/p>\n<p>    <a href=\"https:\/\/www.google.com\/maps\/embed?pb=!1m18!1m12!1m3!1d185398.1886173233!2d4.8909634296362645!3d43.44291764725311!2m3!1f0!2f0!3f0!3m2!1i1024!2i768!4f13.1!3m3!1m2!1s0x12b61f41471d58bf%3A0x64fc5867b2c51358!2sPlage%20de%20figuerolles!5e0!3m2!1sfr!2sfr!4v1755502001545!5m2!1sfr!2sfr\" title=\"Ouvrie le lien\" target=\"_blank\" rel=\"noopener\">Cliquez ici pour visualiser le contenu<\/a><\/p>\n<p>Une pr\u00e9sence trop importante d\u2019algues<\/p>\n<p class=\" wall-content\">Dans un communiqu\u00e9 transmis \u00e0 actu Marseille ce samedi, la mairie de Martigues annon\u00e7ait <strong>l\u2019interdiction de baignade sur deux plages de sa commune<\/strong>. La raison\u2009? Une pr\u00e9sence trop importante d\u2019algues.<\/p>\n<p class=\" wall-content\">\u00ab\u2009En raison de la pr\u00e9sence importante d\u2019algues sur les plages de Figuerolles et Ferri\u00e8res, <strong>susceptible de pr\u00e9senter un risque sanitaire<\/strong> pour les usagers, la commune de Martigues applique, par principe de pr\u00e9caution, une interdiction temporaire de la baignade\u2009\u00bb, indiquait-elle.<\/p>\n<p>    <a href=\"https:\/\/www.facebook.com\/plugins\/post.php?href=https%3A%2F%2Fwww.facebook.com%2Fville.martigues%2Fposts%2Fpfbid021pTzjeatWaEGSk3vqc5RefGdFbkgztcawNxihKpqNTnHfVRMvdek4J1FuZH6n2CYl&amp;show_text=true&amp;width=350\" title=\"Ouvrie le lien\" target=\"_blank\" rel=\"noopener\">Cliquez ici pour visualiser le contenu<\/a><\/p>\n<p class=\" wall-content\">Cette mesure, prise samedi \u00e0 midi, a \u00e9t\u00e9 lev\u00e9e dimanche pour la plage de Ferri\u00e8res. Mais celle de Figuerolles est encore ferm\u00e9e ce lundi. \u00ab\u2009Un suivi renforc\u00e9 de la qualit\u00e9 de l\u2019eau est mis en place afin d\u2019autoriser la reprise de la baignade d\u00e8s que les conditions sanitaires le permettront\u2009\u00bb, pr\u00e9cise la municipalit\u00e9 qui ne peut donc pour le moment pas se prononcer sur la r\u00e9ouverture de ce lieu de baignade.<\/p>\n<p class=\" wall-content\">Suivez toute l\u2019actualit\u00e9 de vos villes et m\u00e9dias favoris en vous inscrivant \u00e0 <a href=\"https:\/\/moncompte.actu.fr\" title=\"D\u00e9couvez Mon Actu\" rel=\"nofollow noopener\" data-trk=\"{&quot;cta&quot;:{&quot;action&quot;:&quot;https:\\\/\\\/moncompte.actu.fr&quot;,&quot;category&quot;:&quot;mon compte&quot;,&quot;from&quot;:&quot;article footer&quot;,&quot;name&quot;:&quot;Mon actu&quot;,&quot;type&quot;:&quot;cta&quot;}}\" target=\"_blank\">Mon Actu<\/a>.<\/p>\n","protected":false},"excerpt":{"rendered":"Par Thibault Nadal Publi\u00e9 le 18 ao\u00fbt 2025 \u00e0 9h43 Il ne fait pas bon de se trouver&hellip;\n","protected":false},"author":2,"featured_media":326598,"comment_status":"","ping_status":"","sticky":false,"template":"","format":"standard","meta":{"footnotes":""},"categories":[2814],"tags":[1111,11,1777,674,1011,27,884,12,8302,882,25,104],"class_list":{"0":"post-326597","1":"post","2":"type-post","3":"status-publish","4":"format-standard","5":"has-post-thumbnail","7":"category-marseille","8":"tag-actu","9":"tag-actualites","10":"tag-eu","11":"tag-europe","12":"tag-fr","13":"tag-france","14":"tag-marseille","15":"tag-news","16":"tag-plages","17":"tag-provence-alpes-cote-dazur","18":"tag-republique-francaise","19":"tag-societe"},"share_on_mastodon":{"url":"https:\/\/pubeurope.com\/@fr\/115048753640879075","error":""},"_links":{"self":[{"href":"https:\/\/www.europesays.com\/fr\/wp-json\/wp\/v2\/posts\/326597","targetHints":{"allow":["GET"]}}],"collection":[{"href":"https:\/\/www.europesays.com\/fr\/wp-json\/wp\/v2\/posts"}],"about":[{"href":"https:\/\/www.europesays.com\/fr\/wp-json\/wp\/v2\/types\/post"}],"author":[{"embeddable":true,"href":"https:\/\/www.europesays.com\/fr\/wp-json\/wp\/v2\/users\/2"}],"replies":[{"embeddable":true,"href":"https:\/\/www.europesays.com\/fr\/wp-json\/wp\/v2\/comments?post=326597"}],"version-history":[{"count":0,"href":"https:\/\/www.europesays.com\/fr\/wp-json\/wp\/v2\/posts\/326597\/revisions"}],"wp:featuredmedia":[{"embeddable":true,"href":"https:\/\/www.europesays.com\/fr\/wp-json\/wp\/v2\/media\/326598"}],"wp:attachment":[{"href":"https:\/\/www.europesays.com\/fr\/wp-json\/wp\/v2\/media?parent=326597"}],"wp:term":[{"taxonomy":"category","embeddable":true,"href":"https:\/\/www.europesays.com\/fr\/wp-json\/wp\/v2\/categories?post=326597"},{"taxonomy":"post_tag","embeddable":true,"href":"https:\/\/www.europesays.com\/fr\/wp-json\/wp\/v2\/tags?post=326597"}],"curies":[{"name":"wp","href":"https:\/\/api.w.org\/{rel}","templated":true}]}}