{"id":326601,"date":"2025-08-18T08:11:20","date_gmt":"2025-08-18T08:11:20","guid":{"rendered":"https:\/\/www.europesays.com\/fr\/326601\/"},"modified":"2025-08-18T08:11:20","modified_gmt":"2025-08-18T08:11:20","slug":"toute-lactualite-de-ce-lundi-18-aout-2025-a-lyon","status":"publish","type":"post","link":"https:\/\/www.europesays.com\/fr\/326601\/","title":{"rendered":"Toute l&rsquo;actualit\u00e9 de ce lundi 18 aout 2025 \u00e0 Lyon"},"content":{"rendered":"<p>A la une de l\u2019info \u00e0 Lyon : les projets de transformation du centre-ville \u00e0 Villeurbanne, des coffrets cadeaux pour d\u00e9couvrir les plantes avec La Pousse Verte\u2026<\/p>\n<p>ECOUTEZ LE 1\/4H LYONNAIS\u2026 Toute l\u2019actualit\u00e9 de ce lundi 18 aout 2025 \u00e0 Lyon<\/p>\n<p>LE 1\/4H LYONNAIS | lundi 18 aout 2025<\/p>\n<p>Durant cet \u00e9t\u00e9, je vous propose un <strong>1\/4H LYONNAIS<\/strong>, avec une forme un peu exceptionnelle. Avec des reportages \u00e0 travers la ville pour vous faire d\u00e9couvrir, des lieux, des personnalit\u00e9s, des activit\u00e9s\u2026<\/p>\n<p>Il y a tout juste 90 ans, <strong>Villeurbanne<\/strong> cr\u00e9ait son centre-ville : les <strong>Gratte-Ciel<\/strong>. Le p\u00e9rim\u00e8tre du <strong>centre-ville<\/strong> devait \u00eatre \u00e9largi\u00a0pr\u00e8s d\u2019un si\u00e8cle plus tard. Les <strong>Gratte-Ciel<\/strong> vont ainsi doubler de superficie avec une volont\u00e9 de conserver un c\u00f4t\u00e9 populaire, \u00e0 l\u2019image du <strong>quartier historique<\/strong> qui \u00e9tait constitu\u00e9 de logements sociaux \u00e0 100%.<\/p>\n<blockquote class=\"instagram-media\" data-instgrm-captioned=\"\" data-instgrm-permalink=\"https:\/\/www.instagram.com\/reel\/DMxLBtttJFw\/?utm_source=ig_embed&amp;utm_campaign=loading\" data-instgrm-version=\"14\" style=\" background:#FFF; border:0; border-radius:3px; box-shadow:0 0 1px 0 rgba(0,0,0,0.5),0 1px 10px 0 rgba(0,0,0,0.15); margin: 1px; max-width:540px; min-width:326px; padding:0; width:99.375%; width:-webkit-calc(100% - 2px); width:calc(100% - 2px);\"\/>\n<p>Nos invit\u00e9s : <strong>B\u00e9atrice Vessiller<\/strong>, vice pr\u00e9sidente de la <strong><a href=\"https:\/\/www.grandlyon.com\/mes-services-au-quotidien\/sinformer-sur-les-projets-urbains-dans-la-metropole\/villeurbanne-grand-centre\" target=\"_blank\" rel=\"noreferrer noopener\">M\u00e9tropole de Lyon<\/a><\/strong>, \u00e0 l\u2019Urbanisme et au Cadre de Vie. <strong>Maxence Oblette<\/strong>, charg\u00e9 de projet pour l\u2019am\u00e9nageur la <strong><a href=\"https:\/\/groupe-serl.fr\/references-groupe-serl\/gratte-ciel-centre-ville\/\" target=\"_blank\" rel=\"noreferrer noopener\">SERL<\/a><\/strong>. <strong>Fr\u00e9d\u00e9ric Thenot<\/strong>, directeur de la <strong><a href=\"https:\/\/www.svu.fr\/gratte-ciel-grand-centre-ville\/\" target=\"_blank\" rel=\"noreferrer noopener\">SVU (Soci\u00e9t\u00e9 Villeurbannaise d\u2019Urbanisme)<\/a><\/strong>. Et aussi <strong>Agn\u00e8s Thouvenot<\/strong>, premi\u00e8re adjointe \u00e0 la <strong><a href=\"https:\/\/www.villeurbanne.fr\/ma-ville\/nos-projets\/projets-urbains\/villeurbanne-grand-centre-votre-coeur-de-vi-ll-e\" target=\"_blank\" rel=\"noreferrer noopener\">Ville de Villeurbanne<\/a><\/strong><\/p>\n<p>Ecoutez aussi : <a href=\"https:\/\/www.lyondemain.fr\/la-route-de-espoir-chiens-guides\/\" target=\"_blank\" rel=\"noreferrer noopener\">La Route de l\u2019Espoir : un d\u00e9fi en tandem pour des chiens guides<\/a><\/p>\n<p>Egalement dans l\u2019actualit\u00e9 de ce lundi 18 aout<\/p>\n<p>2\u00e8me grand reportage dans ce 1\/4H LYONNAIS sp\u00e9cial \u00e9t\u00e9 : <strong>la Pousse Verte<\/strong><\/p>\n<p>Pour acc\u00e9l\u00e9rer la <strong>transition \u00e9cologique<\/strong>, il existe des <strong>solutions collectives<\/strong> : renforcer les transports urbains, construire de nouvelles pistes cyclables, isoler les b\u00e2timents, renforcer l\u2019usage des \u00e9nergies renouvelables\u2026 Mais il y a aussi les <strong>solutions \u00ab\u00a0colibris\u00a0\u00bb<\/strong>. <strong>La Pousse Verte<\/strong> en fait partie. Depuis 2019, <strong>Caroline le Ster<\/strong> propose de <strong>d\u00e9couvrir les plantes<\/strong> de fa\u00e7on originale.\u00a0A l\u2019aide de <strong>coffrets cadeaux<\/strong> et d\u2019<strong>ateliers p\u00e9dagogiques<\/strong> autour du <strong>v\u00e9g\u00e9tal<\/strong><\/p>\n<blockquote class=\"instagram-media\" data-instgrm-captioned=\"\" data-instgrm-permalink=\"https:\/\/www.instagram.com\/p\/CfMd5B7Itkr\/?utm_source=ig_embed&amp;utm_campaign=loading\" data-instgrm-version=\"14\" style=\" background:#FFF; border:0; border-radius:3px; box-shadow:0 0 1px 0 rgba(0,0,0,0.5),0 1px 10px 0 rgba(0,0,0,0.15); margin: 1px; max-width:540px; min-width:326px; padding:0; width:99.375%; width:-webkit-calc(100% - 2px); width:calc(100% - 2px);\"\/>\n<p>Notre invit\u00e9e : <strong>Caroline le Ster<\/strong>, fondatrice de <strong>La Pousse Verte<\/strong>\u00a0<\/p>\n<p>Cette entreprise a le label \u00ab\u00a0<strong>Engag\u00e9 \u00e0 Lyon<\/strong>\u00ab\u00a0. On peut la trouver \u00e0 <strong><a href=\"https:\/\/lafilature-villeurbanne.fr\/\" target=\"_blank\" rel=\"noreferrer noopener\">La Filature<\/a><\/strong> \u00e0 <strong>Villeurbanne<\/strong>. Et aussi sur son site internet <a href=\"https:\/\/www.lapousseverte.fr\/\" target=\"_blank\" rel=\"noreferrer noopener\">ici<\/a><\/p>\n<p>Ecoutez aussi : <a href=\"https:\/\/www.lyondemain.fr\/actualite-de-ce-vendredi-15-aout-lyon-info-poes-gilgamesh\/\" target=\"_blank\" rel=\"noreferrer noopener\">Toute l\u2019actualit\u00e9 de ce vendredi 15 aout 2025 \u00e0 Lyon<\/a><\/p>\n<p><img fetchpriority=\"high\" decoding=\"async\" width=\"1200\" height=\"675\" src=\"https:\/\/www.europesays.com\/fr\/wp-content\/uploads\/2025\/08\/actualite-de-ce-lundi-18-aout-2025.jpg\" alt=\"actualit\u00e9 de ce lundi 18 aout 2025 info \u00e0 Lyon\" class=\"wp-image-251092\"  \/>Retrouvez aussi le Quart d\u2019Heure Lyonnais de Lyon Demain sur les antennes de Radio Pluriel (Lyon). Radio Salam (Lyon, Saint-Etienne et Bourg) et Radio Arm\u00e9nie (Lyon et Vienne)<br \/>\nJ\u2019aime \u00e7a\u00a0:<\/p>\n<p>J\u2019aime chargement\u2026<\/p>\n<p><a class=\"sd-link-color\"\/><\/p>\n<p>\n\tArticles similaires\n<\/p>\n<p>\t\t\t\t<img decoding=\"async\" src=\"https:\/\/www.europesays.com\/fr\/wp-content\/uploads\/2025\/08\/1755504679_905_7866158698e17e8ed633c05e8f8e7fe5d9e057ad78661c4dc34e413abb6b9f19\" alt=\"G\u00e9rald Bouchon\"\/><\/p>\n<p>Pionnier des radios libres, passionn\u00e9 de radio, journaliste et dirigeant de m\u00e9dias \u00e9co-responsables..<\/p>\n<p>\t\t\t<script async src=\"\/\/www.instagram.com\/embed.js\"><\/script><\/p>\n","protected":false},"excerpt":{"rendered":"A la une de l\u2019info \u00e0 Lyon : les projets de transformation du centre-ville \u00e0 Villeurbanne, des coffrets&hellip;\n","protected":false},"author":2,"featured_media":326602,"comment_status":"","ping_status":"","sticky":false,"template":"","format":"standard","meta":{"footnotes":""},"categories":[1889],"tags":[1111,11,46349,10036,2430,31326,46350,1777,674,1011,27,46351,7922,46352,46353,2428,12,46354,4896,25,38486,46355,46356,1352,46357,6345],"class_list":{"0":"post-326601","1":"post","2":"type-post","3":"status-publish","4":"format-standard","5":"has-post-thumbnail","7":"category-lyon","8":"tag-actu","9":"tag-actualites","10":"tag-agnes-thouvenot","11":"tag-ateliers","12":"tag-auvergne-rhone-alpes","13":"tag-beatrice-vessiller","14":"tag-caroline-le-ster","15":"tag-eu","16":"tag-europe","17":"tag-fr","18":"tag-france","19":"tag-frederic-thenot","20":"tag-gratte-ciel","21":"tag-la-filature","22":"tag-la-pousse-verte","23":"tag-lyon","24":"tag-news","25":"tag-nouveau-centre-ville","26":"tag-plantes","27":"tag-republique-francaise","28":"tag-serl","29":"tag-societe-villeurbannaise-durbanisme","30":"tag-svu","31":"tag-urbanisme","32":"tag-vegetal","33":"tag-villeurbanne"},"share_on_mastodon":{"url":"https:\/\/pubeurope.com\/@fr\/115048761584222787","error":""},"_links":{"self":[{"href":"https:\/\/www.europesays.com\/fr\/wp-json\/wp\/v2\/posts\/326601","targetHints":{"allow":["GET"]}}],"collection":[{"href":"https:\/\/www.europesays.com\/fr\/wp-json\/wp\/v2\/posts"}],"about":[{"href":"https:\/\/www.europesays.com\/fr\/wp-json\/wp\/v2\/types\/post"}],"author":[{"embeddable":true,"href":"https:\/\/www.europesays.com\/fr\/wp-json\/wp\/v2\/users\/2"}],"replies":[{"embeddable":true,"href":"https:\/\/www.europesays.com\/fr\/wp-json\/wp\/v2\/comments?post=326601"}],"version-history":[{"count":0,"href":"https:\/\/www.europesays.com\/fr\/wp-json\/wp\/v2\/posts\/326601\/revisions"}],"wp:featuredmedia":[{"embeddable":true,"href":"https:\/\/www.europesays.com\/fr\/wp-json\/wp\/v2\/media\/326602"}],"wp:attachment":[{"href":"https:\/\/www.europesays.com\/fr\/wp-json\/wp\/v2\/media?parent=326601"}],"wp:term":[{"taxonomy":"category","embeddable":true,"href":"https:\/\/www.europesays.com\/fr\/wp-json\/wp\/v2\/categories?post=326601"},{"taxonomy":"post_tag","embeddable":true,"href":"https:\/\/www.europesays.com\/fr\/wp-json\/wp\/v2\/tags?post=326601"}],"curies":[{"name":"wp","href":"https:\/\/api.w.org\/{rel}","templated":true}]}}