{"id":326606,"date":"2025-08-18T08:14:22","date_gmt":"2025-08-18T08:14:22","guid":{"rendered":"https:\/\/www.europesays.com\/fr\/326606\/"},"modified":"2025-08-18T08:14:22","modified_gmt":"2025-08-18T08:14:22","slug":"amnesty-international-accuse-israel-de-mener-une-campagne-de-famine-deliberee","status":"publish","type":"post","link":"https:\/\/www.europesays.com\/fr\/326606\/","title":{"rendered":"Amnesty International accuse Isra\u00ebl de mener \u00ab\u00a0une campagne de famine d\u00e9lib\u00e9r\u00e9e\u00a0\u00bb"},"content":{"rendered":"<p class=\"c-chapo \">\n  Pour l&rsquo;ONG, la d\u00e9gradation de la sant\u00e9 des Gazaouis \u00ab\u00a0n&rsquo;est pas une cons\u00e9quence malheureuse des op\u00e9rations militaires isra\u00e9liennes\u00a0\u00bb mais un \u00ab\u00a0r\u00e9sultat intentionnel\u00a0\u00bb.\n<\/p>\n<p>            lire plus tard<\/p>\n<p id=\"dialog__title\" class=\"dialog__title\">Pour sauvegarder cet article, connectez-vous ou cr\u00e9ez un compte franceinfo<\/p>\n<p class=\"dialog__description\">Sans paiement. Sans abonnement.<\/p>\n<p>        Fermer la fen\u00eatre d\u2019activation des notifications France Info<\/p>\n<p>            cr\u00e9er votre compte<\/p>\n<p>            se connecter<\/p>\n<p>        Fermer la fen\u00eatre de pr\u00e9sentation<\/p>\n<p>    <img loading=\"lazy\" decoding=\"async\" class=\"signature__image lazyload\" width=\"100\" height=\"100\" data- alt=\"\" src=\"https:\/\/www.europesays.com\/fr\/wp-content\/uploads\/2025\/05\/64a68815cd1a7_placeholder-36b69ec8.png\"\/><\/p>\n<p>    Publi\u00e9 le 18\/08\/2025 08:46<\/p>\n<p>        Temps de lecture : 2min<\/p>\n<p>    <img decoding=\"async\"  alt=\"Des Palestiniens, dont de nombreux enfants, font la queue pour recevoir de la nourriture dans le camp de r\u00e9fugi\u00e9s de Nuseirat, dans la bande de Gaza, le 16 ao\u00fbt 2025. (MOIZ SALHI \/ ANADOLU \/ AFP)\" width=\"432\" height=\"243\" src=\"https:\/\/www.europesays.com\/fr\/wp-content\/uploads\/2025\/08\/068-aa-16082025-2374231-68a2ca8804716457000653.jpg\" fetchpriority=\"high\"\/><\/p>\n<p>      Des Palestiniens, dont de nombreux enfants, font la queue pour recevoir de la nourriture dans le camp de r\u00e9fugi\u00e9s de Nuseirat, dans la bande de Gaza, le 16 ao\u00fbt 2025. (MOIZ SALHI \/ ANADOLU \/ AFP)<\/p>\n<p>Isra\u00ebl m\u00e8ne \u00e0 Gaza une \u00ab\u00a0campagne de famine d\u00e9lib\u00e9r\u00e9e\u00a0\u00bb, a estim\u00e9, lundi 18\u00a0ao\u00fbt, Amnesty International dans <a href=\"https:\/\/www.amnesty.org\/en\/latest\/news\/2025\/08\/israel-opt-new-testimonies-provide-compelling-evidence-that-israels-starvation-of-palestinians-in-gaza-is-a-deliberate-policy\/\" target=\"_blank\" rel=\"noopener nofollow\">un communiqu\u00e9<\/a> publi\u00e9 alors que l&rsquo;ONU et de nombreuses ONG ne cessent de mettre en garde contre <a href=\"https:\/\/www.franceinfo.fr\/monde\/palestine\/gaza\/deux-millions-de-personnes-sont-a-l-agonie-on-vous-explique-pourquoi-la-famine-n-a-jamais-ete-aussi-grave-dans-la-bande-de-gaza_7396231.html\" rel=\"nofollow noopener\" target=\"_blank\">une famine imminente dans le territoire palestinien en guerre<\/a>.<\/p>\n<p>Cette campagne d\u00e9truit \u00ab\u00a0syst\u00e9matiquement la sant\u00e9, le bien-\u00eatre et le tissu social\u00a0\u00bb \u00e0 Gaza, \u00e9crit l&rsquo;organisation de d\u00e9fense des droits humains apr\u00e8s avoir men\u00e9 des entretiens avec 19\u00a0Palestiniens de Gaza vivant dans des camps de d\u00e9plac\u00e9s et deux membres du personnel m\u00e9dical traitant des enfants souffrant de malnutrition. Sollicit\u00e9s par l&rsquo;AFP pour une r\u00e9action, le minist\u00e8re des Affaires \u00e9trang\u00e8res et l&rsquo;arm\u00e9e isra\u00e9lienne n&rsquo;ont pas imm\u00e9diatement r\u00e9agi.<\/p>\n<p>Pour l&rsquo;ONG, les t\u00e9moignages qu&rsquo;elle a recueillis confirment que \u00ab\u00a0la combinaison mortelle de la faim et de la maladie n&rsquo;est pas une cons\u00e9quence malheureuse des op\u00e9rations militaires isra\u00e9liennes\u00a0\u00bb \u00e0 Gaza. \u00ab\u00a0C&rsquo;est le r\u00e9sultat intentionnel de plans et de politiques qu&rsquo;Isra\u00ebl a con\u00e7us et mis en \u0153uvre, au cours des 22\u00a0derniers mois, pour infliger d\u00e9lib\u00e9r\u00e9ment aux Palestiniens de Gaza des conditions de vie calcul\u00e9es pour entra\u00eener leur destruction physique \u2013\u00a0ce qui fait partie int\u00e9grante du g\u00e9nocide en cours d&rsquo;Isra\u00ebl contre les Palestiniens \u00e0 Gaza\u00a0\u00bb, ajoute-t-elle.<\/p>\n<p>Amnesty International <a href=\"https:\/\/www.franceinfo.fr\/monde\/proche-orient\/israel-palestine\/amnesty-international-denonce-un-genocide-en-direct-commis-par-israel-dans-la-bande-de-gaza_7217610.html\" rel=\"nofollow noopener\" target=\"_blank\">avait accus\u00e9 en avril les autorit\u00e9s isra\u00e9liennes de commettre un \u00ab\u00a0g\u00e9nocide en direct\u00a0\u00bb \u00e0 Gaza<\/a>, all\u00e9gations qualifi\u00e9es de \u00ab\u00a0mensonges sans fondement\u00a0\u00bb par le minist\u00e8re des Affaires \u00e9trang\u00e8res isra\u00e9lien.<\/p>\n<p>Le Cogat, organe du minist\u00e8re de la d\u00e9fense isra\u00e9lien g\u00e9rant les affaires civiles dans les Territoires palestiniens occup\u00e9s, a estim\u00e9 le 12\u00a0ao\u00fbt qu&rsquo;il n&rsquo;y avait \u00ab\u00a0aucun signe de ph\u00e9nom\u00e8ne de malnutrition g\u00e9n\u00e9ralis\u00e9e\u00a0\u00bb dans la bande de Gaza, r\u00e9futant des chiffres du mouvement islamiste palestinien Hamas sur les d\u00e9c\u00e8s dus \u00e0 la malnutrition.<\/p>\n<p class=\"related-tags__title\" role=\"heading\" aria-level=\"2\">les mots-cl\u00e9s associ\u00e9s \u00e0 cet article\n    <\/p>\n","protected":false},"excerpt":{"rendered":"Pour l&rsquo;ONG, la d\u00e9gradation de la sant\u00e9 des Gazaouis \u00ab\u00a0n&rsquo;est pas une cons\u00e9quence malheureuse des op\u00e9rations militaires isra\u00e9liennes\u00a0\u00bb&hellip;\n","protected":false},"author":2,"featured_media":326607,"comment_status":"","ping_status":"","sticky":false,"template":"","format":"standard","meta":{"footnotes":""},"categories":[1888],"tags":[1111,1928,11,1927,1777,674,1011,27,12,1926,626,1925,25],"class_list":{"0":"post-326606","1":"post","2":"type-post","3":"status-publish","4":"format-standard","5":"has-post-thumbnail","7":"category-paris","8":"tag-actu","9":"tag-actu-paris","10":"tag-actualites","11":"tag-actualites-paris","12":"tag-eu","13":"tag-europe","14":"tag-fr","15":"tag-france","16":"tag-news","17":"tag-news-paris","18":"tag-paris","19":"tag-paris-news","20":"tag-republique-francaise"},"share_on_mastodon":{"url":"https:\/\/pubeurope.com\/@fr\/115048773400479211","error":""},"_links":{"self":[{"href":"https:\/\/www.europesays.com\/fr\/wp-json\/wp\/v2\/posts\/326606","targetHints":{"allow":["GET"]}}],"collection":[{"href":"https:\/\/www.europesays.com\/fr\/wp-json\/wp\/v2\/posts"}],"about":[{"href":"https:\/\/www.europesays.com\/fr\/wp-json\/wp\/v2\/types\/post"}],"author":[{"embeddable":true,"href":"https:\/\/www.europesays.com\/fr\/wp-json\/wp\/v2\/users\/2"}],"replies":[{"embeddable":true,"href":"https:\/\/www.europesays.com\/fr\/wp-json\/wp\/v2\/comments?post=326606"}],"version-history":[{"count":0,"href":"https:\/\/www.europesays.com\/fr\/wp-json\/wp\/v2\/posts\/326606\/revisions"}],"wp:featuredmedia":[{"embeddable":true,"href":"https:\/\/www.europesays.com\/fr\/wp-json\/wp\/v2\/media\/326607"}],"wp:attachment":[{"href":"https:\/\/www.europesays.com\/fr\/wp-json\/wp\/v2\/media?parent=326606"}],"wp:term":[{"taxonomy":"category","embeddable":true,"href":"https:\/\/www.europesays.com\/fr\/wp-json\/wp\/v2\/categories?post=326606"},{"taxonomy":"post_tag","embeddable":true,"href":"https:\/\/www.europesays.com\/fr\/wp-json\/wp\/v2\/tags?post=326606"}],"curies":[{"name":"wp","href":"https:\/\/api.w.org\/{rel}","templated":true}]}}