{"id":326614,"date":"2025-08-18T08:18:13","date_gmt":"2025-08-18T08:18:13","guid":{"rendered":"https:\/\/www.europesays.com\/fr\/326614\/"},"modified":"2025-08-18T08:18:13","modified_gmt":"2025-08-18T08:18:13","slug":"emmanuel-macron-a-quitte-le-fort-de-bregancon-pour-rejoindre-washington","status":"publish","type":"post","link":"https:\/\/www.europesays.com\/fr\/326614\/","title":{"rendered":"Emmanuel Macron a quitt\u00e9 le fort de Br\u00e9gan\u00e7on pour rejoindre Washington"},"content":{"rendered":"<p>Aujourd&rsquo;hui \u00e0 09h32<\/p>\n<p>La Chine esp\u00e8re un accord \u00ab\u00a0acceptable pour toutes les parties\u00a0\u00bb<\/p>\n<p>La Chine a d\u00e9clar\u00e9 esp\u00e9rer un accord \u00ab\u00a0acceptable pour toutes les parties\u00a0\u00bb sur l&rsquo;Ukraine, avant la rencontre entre Donald Trump, Volodymyr Zelensky et plusieurs dirigeants europ\u00e9ens.<\/p>\n<p>\u00ab\u00a0Nous esp\u00e9rons que toutes les parties et tous les acteurs participeront aux pourparlers de paix en temps opportun et parviendront \u00e0 un accord de paix juste, durable, contraignant et acceptable pour toutes les parties d\u00e8s que possible\u00a0\u00bb, a indiqu\u00e9 lors d&rsquo;une conf\u00e9rence de presse Mao Ning, une porte-parole du minist\u00e8re chinois des Affaires \u00e9trang\u00e8res.<\/p>\n<p>Aujourd&rsquo;hui \u00e0 09h15<\/p>\n<p>L&rsquo;avion d&rsquo;Emmanuel Macron a d\u00e9coll\u00e9 pour Washington<\/p>\n<p>L&rsquo;\u00c9lys\u00e9e a confirm\u00e9 que l&rsquo;avion d&rsquo;Emmanuel Macron avait d\u00e9coll\u00e9 de l&rsquo;a\u00e9roport de Toulon-Hy\u00e8res en direction de Washington. Il devrait atterrir dans la capitale am\u00e9ricaine \u00e0 18 heures heure fran\u00e7aise, soit \u00e0 midi heure locale, quelques heures avant son accueil au sein de la Maison blanche aux c\u00f4t\u00e9s des autres dirigeants europ\u00e9ens.<\/p>\n<p>Aujourd&rsquo;hui \u00e0 09h01<\/p>\n<p>Le bilan s&rsquo;alourdit \u00e0 cinq morts apr\u00e8s une frappe russe \u00e0 Kharkiv<\/p>\n<p>\u00c0 quelques heures de la rencontre entre Donald Trump et Volodymyr Zelensky pour discuter d&rsquo;une paix durable en Ukraine, le bilan de la frappe de drone russe qui s&rsquo;est abattue sur un quartier r\u00e9sidentiel de Kharkiv dans la nuit s&rsquo;alourdit \u00e0 cinq morts.<\/p>\n<blockquote class=\"embed embed_quote\"><p>\u00ab\u00a0Cinq personnes ont \u00e9t\u00e9 tu\u00e9es, dont une fillette \u00e2g\u00e9e d&rsquo;environ un an et demi\u00a0\u00bb, a d\u00e9clar\u00e9 le parquet ukrainien, pr\u00e9cisant qu'\u00a0\u00bbau moins 18 personnes ont \u00e9t\u00e9 bless\u00e9es\u00a0\u00bb.<\/p><\/blockquote>\n<p>Aujourd&rsquo;hui \u00e0 08h57<\/p>\n<p>Environ 20% de l&rsquo;Ukraine occup\u00e9 par l&rsquo;arm\u00e9e russe<\/p>\n<p>\u00c0 ce jour, l&rsquo;arm\u00e9e russe occupe plusieurs territoires ukrainiens qu&rsquo;elle convoite. La r\u00e9gion de Lougansk est occup\u00e9e \u00e0 100%, tout comme la Crim\u00e9e, selon des donn\u00e9es de l&rsquo;Institut pour l&rsquo;\u00e9tude de la guerre pour CNN.<\/p>\n<p>Les territoires de Donetsk, Kharson et Zaporijia sont \u00e0 ce stade occup\u00e9s \u00e0 70% par l&rsquo;arm\u00e9e de Vladimir Poutine, apr\u00e8s plusieurs semaines de conflits intenses o\u00f9 les Russes ont grignot\u00e9 la ligne de front jour apr\u00e8s jour.<\/p>\n<p>Au total, cela correspond environ \u00e0 20% du territoire total de l&rsquo;Ukraine qui est aujourd&rsquo;hui occup\u00e9e.<\/p>\n<p><img decoding=\"async\" loading=\"lazy\" width=\"1920\" height=\"1080\" src=\"https:\/\/www.europesays.com\/fr\/wp-content\/uploads\/2025\/08\/Guerre-en-Ukraine-le-taux-d-occupation-de-l-armee-russe-2123954.jpg\"  alt=\"Le taux d'occupation de l'arm\u00e9e russe dans plusieurs r\u00e9gions de l'Ukraine au lundi 18 ao\u00fbt 2025.\" title=\"Le taux d'occupation de l'arm\u00e9e russe dans plusieurs r\u00e9gions de l'Ukraine au lundi 18 ao\u00fbt 2025.\"\/>Le taux d&rsquo;occupation de l&rsquo;arm\u00e9e russe dans plusieurs r\u00e9gions de l&rsquo;Ukraine au lundi 18 ao\u00fbt 2025. \u00a9 BFMTV<\/p>\n<p>Aujourd&rsquo;hui \u00e0 08h26<\/p>\n<p>Emmanuel Macron a quitt\u00e9 le fort de Br\u00e9gan\u00e7on<\/p>\n<p>Emmanuel Macron a quitt\u00e9 le fort de Br\u00e9gan\u00e7on dans le Var afin de se rendre sur le tarmac, o\u00f9 il prendra un avion en direction de Washington. Il est attendu sur le sol am\u00e9ricain \u00e0 midi heure locale, soit aux alentours de 18 heures, heure fran\u00e7aise.<\/p>\n<p><img decoding=\"async\" loading=\"lazy\" width=\"1920\" height=\"1080\" src=\"https:\/\/www.europesays.com\/fr\/wp-content\/uploads\/2025\/08\/Emmanuel-Macron-quitte-le-fort-de-Bregancon-2123938.jpg\"  alt=\"Le convoi d'Emmanuel Macron quittant le fort de Br\u00e9gan\u00e7on (Var) avant de se rendre \u00e0 l'a\u00e9roport puis \u00e0 Washington (\u00c9tats-Unis) le lundi 18 ao\u00fbt 2025.\" title=\"Le convoi d'Emmanuel Macron quittant le fort de Br\u00e9gan\u00e7on (Var) avant de se rendre \u00e0 l'a\u00e9roport puis \u00e0 Washington (\u00c9tats-Unis) le lundi 18 ao\u00fbt 2025.\"\/>Le convoi d&rsquo;Emmanuel Macron quittant le fort de Br\u00e9gan\u00e7on (Var) avant de se rendre \u00e0 l&rsquo;a\u00e9roport puis \u00e0 Washington (\u00c9tats-Unis) le lundi 18 ao\u00fbt 2025. \u00a9 BFMTV<\/p>\n<p>Aujourd&rsquo;hui \u00e0 08h07<\/p>\n<p>Le chancelier allemand est parti pour Washington<\/p>\n<p>Le chancelier allemand Friedrich Merz a quitt\u00e9 l&rsquo;Allemagne pour se rendre au sommet multilat\u00e9ral \u00e0 Washington depuis l&rsquo;a\u00e9roport de Munich.<\/p>\n<p><img decoding=\"async\" loading=\"lazy\" width=\"960\" height=\"540\" src=\"https:\/\/www.europesays.com\/fr\/wp-content\/uploads\/2025\/08\/Chancelier-allemand-Friedrich-Merz-2123926.jpg\"  alt=\"Le chancelier allemand Friedrich Merz montant dans un avion \u00e0 Munich (Allemagne) en direction de Washington (\u00c9tats-Unis) le lundi 18 ao\u00fbt 2025.\" title=\"Le chancelier allemand Friedrich Merz montant dans un avion \u00e0 Munich (Allemagne) en direction de Washington (\u00c9tats-Unis) le lundi 18 ao\u00fbt 2025.\"\/>Le chancelier allemand Friedrich Merz montant dans un avion \u00e0 Munich (Allemagne) en direction de Washington (\u00c9tats-Unis) le lundi 18 ao\u00fbt 2025. \u00a9 AFP<\/p>\n<p>Aujourd&rsquo;hui \u00e0 07h38<\/p>\n<p>Un quatri\u00e8me mort confirm\u00e9 dans une frappe de drone russe \u00e0 Kharkiv<\/p>\n<p>La frappe de drone russe qui s&rsquo;est abattue sur un quartier r\u00e9sidentiel de Kharkiv ce matin a fait quatre morts selon un dernier bilan, ont indiqu\u00e9 les autorit\u00e9s locales. Parmi eux, deux enfants. 18 autres personnes sont bless\u00e9es et cinq personnes restent port\u00e9es disparues.<\/p>\n<p>\u00ab\u00a0La Russie continue de tuer d\u00e9lib\u00e9r\u00e9ment des civils\u00a0\u00bb, a d\u00e9nonc\u00e9 le chef de l&rsquo;administration pr\u00e9sidentielle Andri\u00ef Iermak sur Telegram, diffusant des images d&rsquo;un immeuble en flammes \u00e0 Kharkiv.<\/p>\n<p>Aujourd&rsquo;hui \u00e0 07h15<\/p>\n<p>Emmanuel Macron d\u00e9collera vers les \u00c9tats-Unis dans la matin\u00e9e<\/p>\n<p>Emmanuel Macron d\u00e9collera dans la matin\u00e9e vers Washington DC depuis le Var, l\u00e0 o\u00f9 il s\u00e9journait depuis plusieurs semaines pendant ses vacances. Hier, le pr\u00e9sident fran\u00e7ais a pris la parole devant les journalistes, assurant que Vladimir Poutine \u00ab\u00a0ne veut pas la paix\u00a0\u00bb mais \u00ab\u00a0la capitulation de l&rsquo;Ukraine\u00a0\u00bb.<\/p>\n<p>Aujourd&rsquo;hui \u00e0 06h54<\/p>\n<p>Un t\u00eate-\u00e0-t\u00eate Donald Trump-Volodymyr Zelensky avant la r\u00e9union avec les dirigeants europ\u00e9ens<\/p>\n<p>Le pr\u00e9sident des \u00c9tats-Unis s&rsquo;entretiendra avec son homologue ukrainien \u00e0 19h15 heure fran\u00e7aise (13h15 heure locale) dans une r\u00e9union bilat\u00e9rale dans le Bureau ovale. Une rencontre qui devrait durer une heure.<\/p>\n<p>Les dirigeants europ\u00e9ens seront ensuite accueillis par Donald Trump avant une r\u00e9union qui d\u00e9butera quant \u00e0 elle \u00e0 21 heures, heure fran\u00e7aise (15h00 heure locale).<\/p>\n<p>Aujourd&rsquo;hui \u00e0 06h43<\/p>\n<p>Les Ukrainiens refusent de passer sous pavillon russe, quitte \u00e0 se battre \u00ab\u00a0sans le soutien des \u00c9tats-Unis\u00a0\u00bb<\/p>\n<p>Alors que des \u00e9changes de territoires sont \u00e9voqu\u00e9s pour aboutir \u00e0 un cessez-le-feu en Ukraine, impensable pour les Ukrainiens de voir certaines de leurs r\u00e9gions passer sous pavillon russe.<\/p>\n<p>\u00ab\u00a0Nos hommes sont morts sur le front pour cette terre, pas pour que nous la c\u00e9dions comme \u00e7a\u00a0\u00bb, s&rsquo;exclame un Ukrainien au micro de BFMTV. \u00ab\u00a0Peu importe le nombre de russophones qui y vivent, ce sont des Ukrainiens et par cons\u00e9quent, tous les territoires doivent rester \u00e0 nous.\u00a0\u00bb<\/p>\n<p>Beaucoup pr\u00e9f\u00e8rent que l&rsquo;Ukraine \u00ab\u00a0se batte dans le soutien des \u00c9tats-Unis\u00a0\u00bb plut\u00f4t que \u00ab\u00a0d&rsquo;accepter ces conditions\u00a0\u00bb.<\/p>\n<p>Aujourd&rsquo;hui \u00e0 06h35<\/p>\n<p>Une relation tumultueuse entre Donald Trump et Volodymyr Zelensky<\/p>\n<p>Qu&rsquo;attendre de cette rencontre entre Donald Trump et Volodymyr Zelensky, six mois apr\u00e8s l&rsquo;humiliation du dirigeant ukrainien dans le Bureau ovale?<\/p>\n<p>Le pr\u00e9sident am\u00e9ricain avait eu des mots tr\u00e8s durs sur son homologue. \u00ab\u00a0Concluez un accord ou nous vous laissons tomber\u00a0\u00bb. Mais depuis, le milliardaire qui n&rsquo;a jamais cach\u00e9 son admiration pour Vladimir Poutine, s&rsquo;est dit \u00ab\u00a0d\u00e9\u00e7u\u00a0\u00bb par le ma\u00eetre du Kremlin et la lenteur des n\u00e9gociations pour mettre fin \u00e0 la guerre en Ukraine.<\/p>\n<p>Entre invectives, coups de pressions et d\u00e9ceptions, BFMTV a retrac\u00e9 la relation tumultueuse entre Donald Trump et Volodymyr Zelensky dans <a href=\"https:\/\/www.bfmtv.com\/international\/europe\/ukraine\/entre-invectives-coups-de-pressions-et-deceptions-six-mois-d-une-relation-tumultueuse-entre-donald-trump-et-volodymyr-zelensky_AN-202508180026.html\" title=\"Entre invectives, coups de pressions et d\u00e9ceptions: six mois d&#039;une relation tumultueuse entre Donald Trump et Volodymyr Zelensky\" class=\"internal_link\" rel=\"nofollow noopener\" target=\"_blank\">son grand format<\/a>.<\/p>\n<p>Aujourd&rsquo;hui \u00e0 06h19<\/p>\n<p>Macron, Meloni, Stubb&#8230; Plusieurs dirigeants europ\u00e9ens aux c\u00f4t\u00e9s de Volodymyr Zelensky<\/p>\n<p>Plusieurs dirigeants europ\u00e9ens accompagnent le pr\u00e9sident ukrainien \u00e0 Washington, une \u00ab\u00a0unit\u00e9\u00a0\u00bb europ\u00e9enne in\u00e9dite qu&rsquo;a salu\u00e9 Volodymyr Zelensky.<\/p>\n<p>Ainsi, la pr\u00e9sidente de la Commission europ\u00e9enne Ursula von der Leyen, le pr\u00e9sident fran\u00e7ais Emmanuel Macron, le chancelier allemand Friedrich Merz, la Premi\u00e8re ministre italienne Giorgia Meloni, le Premier ministre britannique Keir Starmer, le pr\u00e9sident finlandais Alexander Stubb et le chef de l&rsquo;Otan Mark Rutte ont confirm\u00e9 leur pr\u00e9sence.<\/p>\n<p>Aujourd&rsquo;hui \u00e0 06h11<\/p>\n<p>L&rsquo;Ukraine refuse toutes concessions territoriales<\/p>\n<p>La Russie demande le retrait total de l&rsquo;Ukraine dans le Donbass, un territoire qui rassemble les r\u00e9gions de Donetsk et Lougansk. Vladimir Poutine propose \u00e9galement le gel de la ligne de front dans les r\u00e9gions de Kharson et Zaporijia. Moscou veut \u00e9galement garder la Crim\u00e9e.<\/p>\n<p>Des concessions territoriales jusqu&rsquo;ici rejet\u00e9es par le pr\u00e9sident ukrainien. \u00ab\u00a0La Constitution de l&rsquo;Ukraine rend impossible toute cession de territoire. \u00c9tant donn\u00e9 l&rsquo;importance de la question territoriale, celle-ci ne devrait \u00eatre discut\u00e9e que par les dirigeants ukrainiens et russes\u00a0\u00bb, a d\u00e9clar\u00e9 Volodymyr Zelensky ce dimanche.<\/p>\n<p>Aujourd&rsquo;hui \u00e0 06h02<\/p>\n<p>Trois morts dans une frappe de drone russe \u00e0 Kharkiv<\/p>\n<p>\u00c0 quelques heures de la rencontre entre Donald Trump et Volodymyr Zelensky \u00e0 Washington, la guerre continue en territoire ukrainien. Le maire de Kharkiv a annonc\u00e9 la mort de trois personnes apr\u00e8s une frappe de drone russe sur la ville, dont un enfant en bas \u00e2ge.<\/p>\n<p>\u00ab\u00a017 autres personnes ont \u00e9t\u00e9 bless\u00e9es dont six enfants\u00a0\u00bb, ajoute Igor Terekhov sur Telegram.<\/p>\n<p>Aujourd&rsquo;hui \u00e0 05h59<\/p>\n<p>Donald Trump affirme que Volodymyr Zelensky peut mettre fin \u00e0 la guerre avec la Russie \u00ab\u00a0presque imm\u00e9diatement\u00a0\u00bb<\/p>\n<p>Donald Trump a affirm\u00e9 la nuit derni\u00e8re que le pr\u00e9sident ukrainien pouvait mettre fin \u00e0 la guerre avec la Russie \u00ab\u00a0presque imm\u00e9diatement\u00a0\u00bb et a exclu que Kiev r\u00e9cup\u00e8re le contr\u00f4le de la Crim\u00e9e annex\u00e9e par Moscou en 2014 et entre dans l&rsquo;Otan.<\/p>\n<p>\u00ab\u00a0Le pr\u00e9sident ukrainien Zelensky peut mettre fin \u00e0 la guerre avec la Russie presque imm\u00e9diatement s&rsquo;il le veut, ou il peut continuer \u00e0 combattre. Souvenez-vous comment cela a commenc\u00e9. Pas question de r\u00e9cup\u00e9rer la Crim\u00e9e donn\u00e9e par Obama (il y a 12 ans, sans qu&rsquo;un seul coup de feu ne soit tir\u00e9) et PAS QUESTION POUR L&rsquo;UKRAINE D&rsquo;ENTRER DANS L&rsquo;OTAN\u00a0\u00bb, a \u00e9crit le pr\u00e9sident am\u00e9ricain sur son r\u00e9seau Truth Social.<\/p>\n<p>Aujourd&rsquo;hui \u00e0 05h49<\/p>\n<p>Volodymyr Zelensky est arriv\u00e9 \u00e0 Washington pour sa rencontre avec Donald Trump<\/p>\n<p>Bonjour \u00e0 tous et bienvenue sur ce direct consacr\u00e9 la guerre en Ukraine. Apr\u00e8s le sommet entre Donald Trump et Vladimir Poutine, Volodymyr Zelensky va rencontrer son homologue am\u00e9ricain ce lundi. Il sera accompagn\u00e9 notamment par <a href=\"https:\/\/www.bfmtv.com\/international\/europe\/ukraine\/guerre-en-ukraine-des-dirigeants-europeens-se-joindront-a-volodymyr-zelensky-pour-rencontrer-donald-trump-lundi_AD-202508170141.html\" title=\"Guerre en Ukraine: Macron, Merz... des dirigeants europ\u00e9ens se joindront \u00e0 Zelensky pour rencontrer Trump lundi\" class=\"internal_link\" rel=\"nofollow noopener\" target=\"_blank\">Emmanuel Macron, Friedrich Merz<\/a>, Alexander Stubb ou Mark Rutte.<\/p>\n<p>Sur X, le pr\u00e9sident ukrainien a indiqu\u00e9 dans la nuit \u00eatre d\u00e9j\u00e0 arriv\u00e9 \u00e0 Washington.<\/p>\n<p>Volodymyr Zelensky a dit sur X vouloir mettre fin \u00e0 la guerre \u00ab\u00a0rapidement\u00a0\u00bb mais avec une \u00ab\u00a0paix durable\u00a0\u00bb.<\/p>\n","protected":false},"excerpt":{"rendered":"Aujourd&rsquo;hui \u00e0 09h32 La Chine esp\u00e8re un accord \u00ab\u00a0acceptable pour toutes les parties\u00a0\u00bb La Chine a d\u00e9clar\u00e9 esp\u00e9rer&hellip;\n","protected":false},"author":2,"featured_media":326615,"comment_status":"","ping_status":"","sticky":false,"template":"","format":"standard","meta":{"footnotes":""},"categories":[1591],"tags":[11,1887,12,1885,1886,132],"class_list":{"0":"post-326614","1":"post","2":"type-post","3":"status-publish","4":"format-standard","5":"has-post-thumbnail","7":"category-russie","8":"tag-actualites","9":"tag-federation-de-russie","10":"tag-news","11":"tag-russia","12":"tag-russian-federation","13":"tag-russie"},"share_on_mastodon":{"url":"https:\/\/pubeurope.com\/@fr\/115048789107971049","error":""},"_links":{"self":[{"href":"https:\/\/www.europesays.com\/fr\/wp-json\/wp\/v2\/posts\/326614","targetHints":{"allow":["GET"]}}],"collection":[{"href":"https:\/\/www.europesays.com\/fr\/wp-json\/wp\/v2\/posts"}],"about":[{"href":"https:\/\/www.europesays.com\/fr\/wp-json\/wp\/v2\/types\/post"}],"author":[{"embeddable":true,"href":"https:\/\/www.europesays.com\/fr\/wp-json\/wp\/v2\/users\/2"}],"replies":[{"embeddable":true,"href":"https:\/\/www.europesays.com\/fr\/wp-json\/wp\/v2\/comments?post=326614"}],"version-history":[{"count":0,"href":"https:\/\/www.europesays.com\/fr\/wp-json\/wp\/v2\/posts\/326614\/revisions"}],"wp:featuredmedia":[{"embeddable":true,"href":"https:\/\/www.europesays.com\/fr\/wp-json\/wp\/v2\/media\/326615"}],"wp:attachment":[{"href":"https:\/\/www.europesays.com\/fr\/wp-json\/wp\/v2\/media?parent=326614"}],"wp:term":[{"taxonomy":"category","embeddable":true,"href":"https:\/\/www.europesays.com\/fr\/wp-json\/wp\/v2\/categories?post=326614"},{"taxonomy":"post_tag","embeddable":true,"href":"https:\/\/www.europesays.com\/fr\/wp-json\/wp\/v2\/tags?post=326614"}],"curies":[{"name":"wp","href":"https:\/\/api.w.org\/{rel}","templated":true}]}}