{"id":326618,"date":"2025-08-18T08:20:21","date_gmt":"2025-08-18T08:20:21","guid":{"rendered":"https:\/\/www.europesays.com\/fr\/326618\/"},"modified":"2025-08-18T08:20:21","modified_gmt":"2025-08-18T08:20:21","slug":"les-trois-derniers-qualifies-aux-points-cote-usa-sont-connus-pour-bethpage","status":"publish","type":"post","link":"https:\/\/www.europesays.com\/fr\/326618\/","title":{"rendered":"Les trois derniers qualifi\u00e9s aux points c\u00f4t\u00e9 USA sont connus pour Bethpage"},"content":{"rendered":"<p>\t\t\t\t\t\t<img width=\"770\" height=\"559\" src=\"https:\/\/www.europesays.com\/fr\/wp-content\/uploads\/2025\/08\/afp__20180930__1043371462__v2__highres__2018rydercupsinglesmatches-770x559.jpg\" class=\"img-responsive wp-post-image\" alt=\"\" decoding=\"async\" fetchpriority=\"high\"  \/>\t\t\t\t\t<\/p>\n<p>\t\t\t\t\t\t Partager cet article <\/p>\n<p class=\"screen-reader-text juiz_sps_maybe_hidden_text\">Partager la publication \u00ab\u00a0Les trois derniers qualifi\u00e9s aux points c\u00f4t\u00e9 USA sont connus pour Bethpage\u00a0\u00bb<\/p>\n<p><strong>Ils \u00e9taient trois, ils sont d\u00e9sormais six. Apr\u00e8s Scottie Scheffler, Xander Schauffele et le futur d\u00e9butant J.J. Spaun, trois autres Am\u00e9ricains ont assur\u00e9 leur qualification pour la Ryder Cup 2025 via le classement par points. Russell Henley, Bryson DeChambeau et Harris English seront de la f\u00eate.\u00a0<\/strong><\/p>\n<p>\t\t\t\t<img loading=\"lazy\" decoding=\"async\" src=\"data:image\/svg+xml,%3Csvg%20xmlns=\" http:=\"\" attributionsrc=\"\" border=\"0\" height=\"1\" width=\"1\" alt=\"Advertisement\" data-lazy-src=\"https:\/\/www.europesays.com\/fr\/wp-content\/uploads\/2025\/05\/B33047934.421787844;dc_trk_aid=614154864;dc_trk_cid=235296214;ord=[timestamp];dc_lat=;dc_rdid=;tag_f.gif\"\/><\/p>\n<p>\t\t\t\t\t<a id=\"173261\" href=\"https:\/\/ad.doubleclick.net\/ddm\/trackclk\/N1153799.3770024GOLFPLANATE\/B33047934.421787844;dc_trk_aid=614154864;dc_trk_cid=235296214;dc_lat=;dc_rdid=;tag_for_child_directed_treatment=;tfua=;gdpr=${GDPR};gdpr_consent=${GDPR_CONSENT_755};ltd=;dc_tdv=1\" target=\"_blank\" rel=\"sponsorised nofollow noopener\"><img fetchpriority=\"high\" decoding=\"async\" src=\"https:\/\/www.europesays.com\/fr\/wp-content\/uploads\/2025\/05\/callaway-e03-aione-square2square-1170x275-1.jpg\" class=\"img-responsive\" alt=\"\"\/><\/a><\/p>\n<p>M\u00eame s\u2019il n\u2019a pas vraiment bien n\u00e9goci\u00e9 le dernier tour du <strong>BMW Championship <\/strong>avec un score de 73, <strong>Russell Henley<\/strong> a obtenu une tr\u00e8s belle r\u00e9compense \u00e0 l\u2019issue de la deuxi\u00e8me \u00e9tape des Playoffs de la <strong>FedEx Cup<\/strong>. Le natif de Macon, en G\u00e9orgie, a assur\u00e9 math\u00e9matiquement sa qualification pour la prochaine <strong>Ryder Cup<\/strong> qui se disputera \u00e0 <strong>Bethpage Black<\/strong>.\u00a0<\/p>\n<p>Il termine en effet au 4e rang <a href=\"https:\/\/www.rydercup.com\/us-rankings\" target=\"_blank\" rel=\"noopener nofollow\">du classement am\u00e9ricain<\/a> de la qualification aux points. <a href=\"https:\/\/www.golfplanete.com\/actualites\/russell-henley-vainqueur-pga-tour-arnold-palmer-invitational-2025-chip-morikawa-bay-hill\/\" target=\"_blank\" rel=\"noopener nofollow\">Le vainqueur de l\u2019Arnold Palmer Invitational<\/a> fera ses grands d\u00e9buts en Ryder Cup, \u00e0 36 ans.<\/p>\n<p>\t\t\t\t\t<a id=\"181417\" href=\"https:\/\/cabotbordeaux.com\/fr\/booking\/training-golf\" target=\"_blank\" rel=\"sponsorised nofollow noopener\"><img decoding=\"async\" src=\"data:image\/svg+xml,%3Csvg%20xmlns=\" http:=\"\" class=\"img-responsive\" alt=\"\" data-lazy-src=\"https:\/\/www.europesays.com\/fr\/wp-content\/uploads\/2025\/08\/cabot-e04-stage-septembre-1170x275-1.gif\"\/><\/a><br \/>\nDeChambeau y sera<\/p>\n<p>M\u00eame s\u2019il \u00e9volue sur le <strong>LIV Golf<\/strong>, <strong>Bryson DeChambeau<\/strong> est parvenu lui aussi \u00e0 se qualifier aux points. Il disputera sa 3e Ryder Cup, apr\u00e8s des apparitions en 2018 et 2021. Le public de Bethpage devrait lui r\u00e9server un accueil premium.<\/p>\n<p>Quant \u00e0 <strong>Harris English<\/strong>, ce sera sa 2e participation \u00e0 36 ans. Il avait disput\u00e9 l\u2019\u00e9dition 2021 remport\u00e9e par les USA.<\/p>\n<p>\t\t\t\t\t<a id=\"181442\" href=\"https:\/\/www.formigolf.fr\/voyage-pays~fairplay_golf__spa_resort_5etoiles_cadiz~199~espagne\" target=\"_blank\" rel=\"sponsorised nofollow noopener\"><img decoding=\"async\" src=\"data:image\/svg+xml,%3Csvg%20xmlns=\" http:=\"\" class=\"img-responsive\" alt=\"\" data-lazy-src=\"https:\/\/www.europesays.com\/fr\/wp-content\/uploads\/2025\/08\/formigolf-e08-andalousie-cadiz-1170x275-1.gif\"\/><\/a><\/p>\n<blockquote class=\"twitter-tweet\">\n<p dir=\"ltr\" lang=\"en\">Bethpage Bound! \ud83c\udfc6<\/p>\n<p>The top-6 Americans are set for the 2025 Ryder Cup at Bethpage Black \ud83c\uddfa\ud83c\uddf8<a href=\"https:\/\/twitter.com\/hashtag\/GoUSA?src=hash&amp;ref_src=twsrc%5Etfw\" rel=\"nofollow noopener\" target=\"_blank\">#GoUSA<\/a> | <a href=\"https:\/\/twitter.com\/hashtag\/RyderCup?src=hash&amp;ref_src=twsrc%5Etfw\" rel=\"nofollow noopener\" target=\"_blank\">#RyderCup<\/a> <a href=\"https:\/\/t.co\/ML9nd7urjo\" rel=\"nofollow\">pic.twitter.com\/ML9nd7urjo<\/a><\/p>\n<p>\u2014 Ryder Cup USA (@RyderCupUSA) <a href=\"https:\/\/twitter.com\/RyderCupUSA\/status\/1957200018193932504?ref_src=twsrc%5Etfw\" rel=\"nofollow noopener\" target=\"_blank\">August 17, 2025<\/a><\/p>\n<\/blockquote>\n<p>Les six autres joueurs de l\u2019\u00e9quipe de <strong>Keegan Bradley<\/strong> seront des choix du capitaine. Qu\u2019il d\u00e9voilera \u00e0 l\u2019issue du Tour Championship.<\/p>\n<p>\t\t\t\t\t<a id=\"181972\" href=\"https:\/\/www.azurgolftravel.com\/proamdepalsoct25\" target=\"_blank\" rel=\"sponsorised nofollow noopener\"><img decoding=\"async\" src=\"data:image\/svg+xml,%3Csvg%20xmlns=\" http:=\"\" class=\"img-responsive\" alt=\"\" data-lazy-src=\"https:\/\/www.europesays.com\/fr\/wp-content\/uploads\/2025\/08\/azurgolftravel-e01-proam-catalogne-1170x275-1.jpeg\"\/><\/a><\/p>\n<p>Photo : STUART FRANKLIN \/ GETTY IMAGES EUROPE \/ Getty Images via AFP<\/p>\n<p>\t\t\t<script async src=\"https:\/\/platform.twitter.com\/widgets.js\" charset=\"utf-8\"><\/script><\/p>\n","protected":false},"excerpt":{"rendered":"Partager cet article Partager la publication \u00ab\u00a0Les trois derniers qualifi\u00e9s aux points c\u00f4t\u00e9 USA sont connus pour Bethpage\u00a0\u00bb&hellip;\n","protected":false},"author":2,"featured_media":326619,"comment_status":"","ping_status":"","sticky":false,"template":"","format":"standard","meta":{"footnotes":""},"categories":[1589],"tags":[11,73,1866,12,1864,1865,1863,308],"class_list":{"0":"post-326618","1":"post","2":"type-post","3":"status-publish","4":"format-standard","5":"has-post-thumbnail","7":"category-etats-unis","8":"tag-actualites","9":"tag-etats-unis","10":"tag-etats-unis-damerique","11":"tag-news","12":"tag-united-states","13":"tag-united-states-of-america","14":"tag-us","15":"tag-usa"},"share_on_mastodon":{"url":"https:\/\/pubeurope.com\/@fr\/115048797093320630","error":""},"_links":{"self":[{"href":"https:\/\/www.europesays.com\/fr\/wp-json\/wp\/v2\/posts\/326618","targetHints":{"allow":["GET"]}}],"collection":[{"href":"https:\/\/www.europesays.com\/fr\/wp-json\/wp\/v2\/posts"}],"about":[{"href":"https:\/\/www.europesays.com\/fr\/wp-json\/wp\/v2\/types\/post"}],"author":[{"embeddable":true,"href":"https:\/\/www.europesays.com\/fr\/wp-json\/wp\/v2\/users\/2"}],"replies":[{"embeddable":true,"href":"https:\/\/www.europesays.com\/fr\/wp-json\/wp\/v2\/comments?post=326618"}],"version-history":[{"count":0,"href":"https:\/\/www.europesays.com\/fr\/wp-json\/wp\/v2\/posts\/326618\/revisions"}],"wp:featuredmedia":[{"embeddable":true,"href":"https:\/\/www.europesays.com\/fr\/wp-json\/wp\/v2\/media\/326619"}],"wp:attachment":[{"href":"https:\/\/www.europesays.com\/fr\/wp-json\/wp\/v2\/media?parent=326618"}],"wp:term":[{"taxonomy":"category","embeddable":true,"href":"https:\/\/www.europesays.com\/fr\/wp-json\/wp\/v2\/categories?post=326618"},{"taxonomy":"post_tag","embeddable":true,"href":"https:\/\/www.europesays.com\/fr\/wp-json\/wp\/v2\/tags?post=326618"}],"curies":[{"name":"wp","href":"https:\/\/api.w.org\/{rel}","templated":true}]}}