{"id":326620,"date":"2025-08-18T08:21:12","date_gmt":"2025-08-18T08:21:12","guid":{"rendered":"https:\/\/www.europesays.com\/fr\/326620\/"},"modified":"2025-08-18T08:21:12","modified_gmt":"2025-08-18T08:21:12","slug":"le-risque-dune-guerre-civile-en-france-et-au-royaume-uni-existe-estime-un-eminent-professeur-du-kings-college-a-londres","status":"publish","type":"post","link":"https:\/\/www.europesays.com\/fr\/326620\/","title":{"rendered":"Le risque d\u2019une guerre civile en France et au Royaume-Uni existe, estime un \u00e9minent professeur du King\u2019s College \u00e0 Londres"},"content":{"rendered":"<p class=\"intro \">Selon le chercheur David Betz du King\u2019s College, la France et le Royaume-Uni sont les pays occidentaux les plus expos\u00e9s \u00e0 un risque de conflit civil violent. Il cite le fondamentalisme, le d\u00e9classement et la perte de confiance envers les \u00e9lites comme facteurs cl\u00e9s, reprochant aux gouvernements de sous-estimer ces tensions.<\/p>\n<p>Une \u00e9tude qui a des airs d&rsquo;avertissements adress\u00e9s \u00e0 la <a href=\"https:\/\/www.europe1.fr\/dossiers\/france\" target=\"_blank\" rel=\"nofollow noopener\">France<\/a> et \u00e0 la <a href=\"https:\/\/www.europe1.fr\/dossiers\/royaume-uni\" target=\"_blank\" rel=\"nofollow noopener\">Grande-Bretagne<\/a>. David Betz tire la sonnette d&rsquo;alarme. La principale menace pour la s\u00e9curit\u00e9 de l&rsquo;Occident n&rsquo;est plus ext\u00e9rieure, mais int\u00e9rieure, selon ce chercheur universitaire du King\u2019s College \u00e0 <a href=\"https:\/\/www.europe1.fr\/dossiers\/londres2\" target=\"_blank\" rel=\"nofollow noopener\">Londres<\/a>.<\/p>\n<p>    La suite apr\u00e8s cette publicit\u00e9<\/p>\n<p>    La suite apr\u00e8s cette publicit\u00e9<\/p>\n<p>Il assure, dans la revue\u00a0<a href=\"https:\/\/www.militarystrategymagazine.com\/article\/civil-war-comes-to-the-west-part-ii-strategic-realities\/\" rel=\"sponsored noopener nofollow\" target=\"_blank\">Military Strategy Magazine<\/a>,\u00a0que le Royaume-Uni et la France sont les deux pays les plus susceptibles de conna\u00eetre un conflit civil violent apr\u00e8s avoir \u00e9t\u00e9 le th\u00e9\u00e2tre d&rsquo;incidents en pr\u00e9curseur. Pour David Betz, les signaux faibles de fracture sont d\u00e9j\u00e0 visibles.<\/p>\n<p>David Betz pointe le danger du fondamentalisme<\/p>\n<p>\u00ab\u00a0Le fondamentalisme est extr\u00eamement dangereux. Les gens ne sont plus en d\u00e9saccord sur des questions particuli\u00e8res, mais ils divergent sur la base de ce qu&rsquo;ils per\u00e7oivent comme \u00e9tant l&rsquo;opinion consensuelle au sein de leur clan. En Grande-Bretagne, mais pas exclusivement, nous sommes dans un \u00e9tat de fondamentalisme multipolaire\u00a0\u00bb, selon cet expert.<\/p>\n<p>    La suite apr\u00e8s cette publicit\u00e9<\/p>\n<p>    La suite apr\u00e8s cette publicit\u00e9<\/p>\n<p>\u00ab\u00a0Une autre cause importante de guerre civile est le concept de d\u00e9classement, c&rsquo;est-\u00e0-dire la perte du statut de la majorit\u00e9 autrefois dominante dans son propre pays. Et, troisi\u00e8mement, la perte de confiance, en particulier dans la l\u00e9gitimit\u00e9 des \u00e9lites politiques\u00a0\u00bb, conclut David Betz.<\/p>\n<p>Autre grand risque de guerre civile selon le chercheur, c&rsquo;est de sous-estimer le danger et c&rsquo;est pr\u00e9cis\u00e9ment ce que reprochent aujourd&rsquo;hui une partie des Britanniques au gouvernement travailliste de <a href=\"https:\/\/www.europe1.fr\/international\/royaume-uni-les-chiffres-officiels-de-limmigration-illegale-embarrassent-le-gouvernement-de-keir-starmer-768875\" target=\"_blank\" rel=\"nofollow noopener\">Keir Starmer<\/a> qu&rsquo;ils accusent d&rsquo;ignorer ces tensions.<\/p>\n","protected":false},"excerpt":{"rendered":"Selon le chercheur David Betz du King\u2019s College, la France et le Royaume-Uni sont les pays occidentaux les&hellip;\n","protected":false},"author":2,"featured_media":326621,"comment_status":"","ping_status":"","sticky":false,"template":"","format":"standard","meta":{"footnotes":""},"categories":[1588],"tags":[11,1777,674,12,473,1853,1851,1850,1852],"class_list":{"0":"post-326620","1":"post","2":"type-post","3":"status-publish","4":"format-standard","5":"has-post-thumbnail","7":"category-royaume-uni","8":"tag-actualites","9":"tag-eu","10":"tag-europe","11":"tag-news","12":"tag-royaume-uni","13":"tag-royaume-uni-de-grande-bretagne-et-dirlande-du-nord","14":"tag-uk","15":"tag-united-kingdom","16":"tag-united-kingdom-of-great-britain-and-northern-ireland"},"share_on_mastodon":{"url":"https:\/\/pubeurope.com\/@fr\/115048800907590998","error":""},"_links":{"self":[{"href":"https:\/\/www.europesays.com\/fr\/wp-json\/wp\/v2\/posts\/326620","targetHints":{"allow":["GET"]}}],"collection":[{"href":"https:\/\/www.europesays.com\/fr\/wp-json\/wp\/v2\/posts"}],"about":[{"href":"https:\/\/www.europesays.com\/fr\/wp-json\/wp\/v2\/types\/post"}],"author":[{"embeddable":true,"href":"https:\/\/www.europesays.com\/fr\/wp-json\/wp\/v2\/users\/2"}],"replies":[{"embeddable":true,"href":"https:\/\/www.europesays.com\/fr\/wp-json\/wp\/v2\/comments?post=326620"}],"version-history":[{"count":0,"href":"https:\/\/www.europesays.com\/fr\/wp-json\/wp\/v2\/posts\/326620\/revisions"}],"wp:featuredmedia":[{"embeddable":true,"href":"https:\/\/www.europesays.com\/fr\/wp-json\/wp\/v2\/media\/326621"}],"wp:attachment":[{"href":"https:\/\/www.europesays.com\/fr\/wp-json\/wp\/v2\/media?parent=326620"}],"wp:term":[{"taxonomy":"category","embeddable":true,"href":"https:\/\/www.europesays.com\/fr\/wp-json\/wp\/v2\/categories?post=326620"},{"taxonomy":"post_tag","embeddable":true,"href":"https:\/\/www.europesays.com\/fr\/wp-json\/wp\/v2\/tags?post=326620"}],"curies":[{"name":"wp","href":"https:\/\/api.w.org\/{rel}","templated":true}]}}