{"id":326622,"date":"2025-08-18T08:22:13","date_gmt":"2025-08-18T08:22:13","guid":{"rendered":"https:\/\/www.europesays.com\/fr\/326622\/"},"modified":"2025-08-18T08:22:13","modified_gmt":"2025-08-18T08:22:13","slug":"un-element-de-la-gentrification-peinturlure-%f0%9f%94%b4-info-libertaire","status":"publish","type":"post","link":"https:\/\/www.europesays.com\/fr\/326622\/","title":{"rendered":"un \u00e9l\u00e9ment de la gentrification peinturlur\u00e9 \u2013 \ud83d\udd34 Info Libertaire"},"content":{"rendered":"<p><\/p>\n<p><a href=\"https:\/\/www.anarchistfederation.net\/pixel.jpg\" rel=\"nofollow noopener\" target=\"_blank\"><img loading=\"lazy\" decoding=\"async\" class=\" wp-image-60150 alignright lazy\" src=\"\" style=\"width:1px;height:1px;display:none!important\" alt=\"\" width=\"211\" height=\"144\"\/><\/a>Ce week-end, avec quelques pots remplis de peinture et des billes en acier, nous avons marqu\u00e9 un \u00e9l\u00e9ment de la gentrification, au 28 de la Wolfgang-Heinze-Stra\u00dfe, dans le quartier de Connewitz, \u00e0 Leipzig. Apr\u00e8s qu\u2019elle a \u00e9t\u00e9 laiss\u00e9e vide pendant des ann\u00e9es et qu\u2019elle a \u00e9t\u00e9 parfois utilis\u00e9e comme lieu discret o\u00f9 dormir, par des personnes \u00e0 la recherche d\u2019un logement, la r\u00e9novation et la revalorisation de cette maison d\u2019angle de la fin du XIX si\u00e8cle, inscrite au patrimoine culturel, vont bient\u00f4t [se] terminer.<br \/>Sur Instagram, l\u2019entreprise propri\u00e9taire, Immovaria, fait la promotion de treize appartements et d\u2019un local commercial, avec les hashtags \u00ab luxuryhomes \u00bb ou \u00ab Luxus \u00bb. Quelque chose de particuli\u00e8rement r\u00e9v\u00e9lateur: dans un post Instagram du 26 janvier 2024, l\u2019entreprise affirme que la maison d\u2019angle se trouve dans le quartier S\u00fcdvorstadt de Leipzig (alors que le quartier correct est Connewitz). C\u2019est donc comme toujours: une entreprise ouest-allemande,<\/p>\n<p> qui n\u2019a aucune id\u00e9e de ce qu\u2019est la chose concr\u00e8te, mais qui, avec une douche en marbre, l\u2019\u00e9clairage passif au plafond, la vid\u00e9osurveillance et un nouveau parquet, propulse le prix de location \u00e0 des niveaux inestimables.<\/p>\n<p>Ce n\u2019\u00e9tait que le premier coup de marquage, des salves plus lourdes suivront prochainement. \u00c0 bient\u00f4t, les ordures !<\/p>\n<p>PS: Les agents de s\u00e9curit\u00e9 que vous avez engag\u00e9s ne nous impressionnent vraiment pas, haha.<\/p>\n<p>[Publi\u00e9 le <a href=\"https:\/\/attaque.noblogs.org\/post\/2025\/08\/07\/leipzig-allemagne-un-element-de-la-gentrification-peinturlure\/\" rel=\"bookmark nofollow noopener\" target=\"_blank\">7 ao\u00fbt 2025<\/a> sur Attaque. Traduit de l\u2019allemand depuis <a href=\"https:\/\/gsxbcjvcrdl66ycimkwra2nxzwvy2idef4twi7elojuzm5ztt5abqyid.onion\/node\/527812\" rel=\"nofollow noopener\" target=\"_blank\">de.indymedia.org<\/a>, 24 juillet 2025.]<\/p>\n<p><br clear=\"both\"\/><\/p>\n<p><\/p>\n<p><strong>Source:<\/strong> <a href=\"https:\/\/fr.squat.net\/2025\/08\/18\/leipzig-allemagne-un-element-de-la-gentrification-peinturlure\/\" target=\"_blank\" rel=\"nofollow noopener\">Fr.squat.net<\/a><br \/><\/p>\n","protected":false},"excerpt":{"rendered":"Ce week-end, avec quelques pots remplis de peinture et des billes en acier, nous avons marqu\u00e9 un \u00e9l\u00e9ment&hellip;\n","protected":false},"author":2,"featured_media":326623,"comment_status":"","ping_status":"","sticky":false,"template":"","format":"standard","meta":{"footnotes":""},"categories":[1587],"tags":[11,672,1804,1805,1803,1777,674,1801,12,1802],"class_list":{"0":"post-326622","1":"post","2":"type-post","3":"status-publish","4":"format-standard","5":"has-post-thumbnail","7":"category-allemagne","8":"tag-actualites","9":"tag-allemagne","10":"tag-bundesrepublik-deutschland","11":"tag-de","12":"tag-deutschland","13":"tag-eu","14":"tag-europe","15":"tag-germany","16":"tag-news","17":"tag-republique-federale-dallemagne"},"share_on_mastodon":{"url":"https:\/\/pubeurope.com\/@fr\/115048804818636480","error":""},"_links":{"self":[{"href":"https:\/\/www.europesays.com\/fr\/wp-json\/wp\/v2\/posts\/326622","targetHints":{"allow":["GET"]}}],"collection":[{"href":"https:\/\/www.europesays.com\/fr\/wp-json\/wp\/v2\/posts"}],"about":[{"href":"https:\/\/www.europesays.com\/fr\/wp-json\/wp\/v2\/types\/post"}],"author":[{"embeddable":true,"href":"https:\/\/www.europesays.com\/fr\/wp-json\/wp\/v2\/users\/2"}],"replies":[{"embeddable":true,"href":"https:\/\/www.europesays.com\/fr\/wp-json\/wp\/v2\/comments?post=326622"}],"version-history":[{"count":0,"href":"https:\/\/www.europesays.com\/fr\/wp-json\/wp\/v2\/posts\/326622\/revisions"}],"wp:featuredmedia":[{"embeddable":true,"href":"https:\/\/www.europesays.com\/fr\/wp-json\/wp\/v2\/media\/326623"}],"wp:attachment":[{"href":"https:\/\/www.europesays.com\/fr\/wp-json\/wp\/v2\/media?parent=326622"}],"wp:term":[{"taxonomy":"category","embeddable":true,"href":"https:\/\/www.europesays.com\/fr\/wp-json\/wp\/v2\/categories?post=326622"},{"taxonomy":"post_tag","embeddable":true,"href":"https:\/\/www.europesays.com\/fr\/wp-json\/wp\/v2\/tags?post=326622"}],"curies":[{"name":"wp","href":"https:\/\/api.w.org\/{rel}","templated":true}]}}