{"id":326624,"date":"2025-08-18T08:23:10","date_gmt":"2025-08-18T08:23:10","guid":{"rendered":"https:\/\/www.europesays.com\/fr\/326624\/"},"modified":"2025-08-18T08:23:10","modified_gmt":"2025-08-18T08:23:10","slug":"meprises-a-washington-et-a-moscou-les-europeens-risquent-de-voir-leur-avenir-se-decider-sans-eux","status":"publish","type":"post","link":"https:\/\/www.europesays.com\/fr\/326624\/","title":{"rendered":"\u00abM\u00e9pris\u00e9s \u00e0 Washington et \u00e0 Moscou, les Europ\u00e9ens risquent de voir leur avenir se d\u00e9cider sans eux\u00bb"},"content":{"rendered":"<p><strong>TRIBUNE &#8211;<\/strong> Ce lundi, une demi-douzaine de dirigeants europ\u00e9ens accompagnent Volodymyr Zelensky \u00e0 Washington. Une ultime tentative pour essayer de peser sur la situation alors que Trump a abandonn\u00e9 face \u00e0 Poutine les engagements qu\u2019il avait pris \u00e0 leur \u00e9gard, analyse l\u2019ancien ministre*.<\/p>\n<p class=\"fig-paragraph\">*Dernier livre paru\u00a0: Engrenages. La guerre d\u2019Ukraine et le basculement du monde (\u00c9ditions Odile Jacob, 2024).<\/p>\n<p class=\"fig-paragraph\"><a href=\"http:\/\/www.lefigaro.fr\/international\/a-anchorage-l-ascendant-de-vladimir-poutine-face-au-bateau-ivre-de-la-diplomatie-americaine-20250817\" data-fig-type=\"Article\" data-gtm-custom-categorie=\"navigation\" data-gtm-custom-action=\"crossclick\" data-gtm-custom-label=\"Contextuel\" data-gtm-event=\"customEventSPE\" data-fig-domain=\"LEFIGARO\" target=\"_blank\" rel=\"noopener\">\u00c0 Anchorage<\/a>, le pr\u00e9sident des \u00c9tats-Unis, Donald Trump a l\u00e2ch\u00e9 les Europ\u00e9ens, actant la fin d\u2019une \u00e8re de 75 ann\u00e9es dans les relations transatlantiques, celle de la protection ind\u00e9finie et gratuite de l\u2019Europe par l\u2019Am\u00e9rique.<\/p>\n<p class=\"fig-paragraph\">En Alaska, non seulement Trump a offert\u00a0<a href=\"http:\/\/www.lefigaro.fr\/international\/trump-a-ete-clairement-sous-le-charme-vu-de-moscou-vladimir-poutine-a-ete-recu-en-seigneur-en-alaska-20250816\" data-fig-type=\"Article\" data-gtm-custom-categorie=\"navigation\" data-gtm-custom-action=\"crossclick\" data-gtm-custom-label=\"Contextuel\" data-gtm-event=\"customEventSPE\" data-fig-domain=\"LEFIGARO\" target=\"_blank\" rel=\"noopener\">une r\u00e9habilitation internationale<\/a>\u00a0\u00e0 son coll\u00e8gue Russe, Vladimir Poutine, pourtant inculp\u00e9 par la Cour p\u00e9nale internationale apr\u00e8s l\u2019agression d\u2019Ukraine de f\u00e9vrier 2022, mais il a lui-m\u00eame abandonn\u00e9 les engagements qu\u2019il avait pris \u00e0 l\u2019\u00e9gard des Europ\u00e9ens pour le r\u00e8glement du conflit.<\/p>\n<p class=\"fig-paragraph\">Rappelons que deux jours avant le sommet d\u2019Anchorage, les dirigeants europ\u00e9ens, au cours d\u2019une visioconf\u00e9rence organis\u00e9e par le chancelier Merz, avaient exprim\u00e9 cinq conditions que le pr\u00e9sident Trump \u00e9tait suppos\u00e9 faire valoir lors de ses entretiens avec Poutine. Les deux principales \u00e9taient l\u2019exigence d\u2019un cessez-le-feu imm\u00e9diat, la seconde\u2026<\/p>\n<p class=\"fig-premium-paywall__infos\">\n        Cet article est r\u00e9serv\u00e9 aux abonn\u00e9s.        Il vous reste 86% \u00e0 d\u00e9couvrir.\n    <\/p>\n<p>                <img  data- alt=\"Le Figaro\" class=\"fig-img--complete fig-img\"\/><\/p>\n<p class=\"fig-premium-paywall__title\">Vente Flash<\/p>\n<p class=\"fig-premium-paywall__subtitle\">4,99\u20ac par mois pendant 12 mois. Sans engagement<\/p>\n<p class=\"fig-premium-paywall__connect\">\n                D\u00e9j\u00e0 abonn\u00e9\u00a0?                <a class=\"fig-premium-paywall__connect-link\" href=\"https:\/\/connect.lefigaro.fr\/login?client=horizon_web&amp;type=main&amp;redirect_uri=https%3A%2F%2Fwww.lefigaro.fr%2Fvox%2Fmonde%2Fpierre-lellouche-meprises-a-washington-et-a-moscou-les-europeens-risquent-de-voir-leur-avenir-se-decider-sans-eux-20250818\" data-js-gtm=\"{&quot;customCategorie&quot;: &quot;conversion&quot;, &quot;customAction&quot;: &quot;before_Landing_Connexion_paywall_auto&quot;, &quot;customLabel&quot;: &quot;bGVmaWdhcm8uZnJfXzFmMDdjMDViLWVmODMtNmExOC1hYTFkLWM5YTEyMTM3MGM2N19fQXJ0aWNsZQ==_Pierre Lellouche\u00a0: \u00abM\u00e9pris\u00e9s \u00e0 Washington et \u00e0 Moscou, les Europ\u00e9ens risquent de voir leur avenir se d\u00e9cider sans eux\u00bb_336&quot;, &quot;customIDSPE&quot;: &quot;bGVmaWdhcm8uZnJfXzFmMDdjMDViLWVmODMtNmExOC1hYTFkLWM5YTEyMTM3MGM2N19fQXJ0aWNsZQ==&quot;, &quot;event&quot;: &quot;customEventSPE&quot;}\" target=\"_blank\" rel=\"noopener\"><br \/>\n                    Connectez-vous<br \/>\n                <\/a>\n            <\/p>\n","protected":false},"excerpt":{"rendered":"TRIBUNE &#8211; Ce lundi, une demi-douzaine de dirigeants europ\u00e9ens accompagnent Volodymyr Zelensky \u00e0 Washington. Une ultime tentative pour&hellip;\n","protected":false},"author":2,"featured_media":326625,"comment_status":"","ping_status":"","sticky":false,"template":"","format":"standard","meta":{"footnotes":""},"categories":[1586],"tags":[11,75,1777,674,1011,27,131,12,25,135],"class_list":{"0":"post-326624","1":"post","2":"type-post","3":"status-publish","4":"format-standard","5":"has-post-thumbnail","7":"category-europe","8":"tag-actualites","9":"tag-donald-trump","10":"tag-eu","11":"tag-europe","12":"tag-fr","13":"tag-france","14":"tag-guerre-en-ukraine","15":"tag-news","16":"tag-republique-francaise","17":"tag-vladimir-poutine"},"share_on_mastodon":{"url":"https:\/\/pubeurope.com\/@fr\/115048808814861274","error":""},"_links":{"self":[{"href":"https:\/\/www.europesays.com\/fr\/wp-json\/wp\/v2\/posts\/326624","targetHints":{"allow":["GET"]}}],"collection":[{"href":"https:\/\/www.europesays.com\/fr\/wp-json\/wp\/v2\/posts"}],"about":[{"href":"https:\/\/www.europesays.com\/fr\/wp-json\/wp\/v2\/types\/post"}],"author":[{"embeddable":true,"href":"https:\/\/www.europesays.com\/fr\/wp-json\/wp\/v2\/users\/2"}],"replies":[{"embeddable":true,"href":"https:\/\/www.europesays.com\/fr\/wp-json\/wp\/v2\/comments?post=326624"}],"version-history":[{"count":0,"href":"https:\/\/www.europesays.com\/fr\/wp-json\/wp\/v2\/posts\/326624\/revisions"}],"wp:featuredmedia":[{"embeddable":true,"href":"https:\/\/www.europesays.com\/fr\/wp-json\/wp\/v2\/media\/326625"}],"wp:attachment":[{"href":"https:\/\/www.europesays.com\/fr\/wp-json\/wp\/v2\/media?parent=326624"}],"wp:term":[{"taxonomy":"category","embeddable":true,"href":"https:\/\/www.europesays.com\/fr\/wp-json\/wp\/v2\/categories?post=326624"},{"taxonomy":"post_tag","embeddable":true,"href":"https:\/\/www.europesays.com\/fr\/wp-json\/wp\/v2\/tags?post=326624"}],"curies":[{"name":"wp","href":"https:\/\/api.w.org\/{rel}","templated":true}]}}