{"id":326626,"date":"2025-08-18T08:24:17","date_gmt":"2025-08-18T08:24:17","guid":{"rendered":"https:\/\/www.europesays.com\/fr\/326626\/"},"modified":"2025-08-18T08:24:17","modified_gmt":"2025-08-18T08:24:17","slug":"tout-ca-montre-la-faiblesse-de-lunion-europeenne-de-la-france-estime-manuel-bompard","status":"publish","type":"post","link":"https:\/\/www.europesays.com\/fr\/326626\/","title":{"rendered":"\u00ab\u00a0Tout \u00e7a montre la faiblesse de l&rsquo;Union europ\u00e9enne, de la France\u00a0\u00bb, estime Manuel Bompard"},"content":{"rendered":"<p class=\"c-chapo \">\n  \u00ab\u00a0Il fallait se cr\u00e9er les conditions pour \u00eatre \u00e0 la table des n\u00e9gociations, pas venir qu\u00e9mander\u00a0\u00bb, juge le coordinateur national de La France insoumise.\n<\/p>\n<p>            lire plus tard<\/p>\n<p id=\"dialog__title\" class=\"dialog__title\">Pour sauvegarder cet article, connectez-vous ou cr\u00e9ez un compte franceinfo<\/p>\n<p class=\"dialog__description\">Sans paiement. Sans abonnement.<\/p>\n<p>        Fermer la fen\u00eatre d\u2019activation des notifications France Info<\/p>\n<p>            cr\u00e9er votre compte<\/p>\n<p>            se connecter<\/p>\n<p>        Fermer la fen\u00eatre de pr\u00e9sentation<\/p>\n<p>    <img loading=\"lazy\" decoding=\"async\" class=\"signature__image lazyload\" width=\"100\" height=\"100\" data- alt=\"\" src=\"https:\/\/www.europesays.com\/fr\/wp-content\/uploads\/2025\/05\/64a7df4c5fe71_placeholder-36b69ec8.png\"\/><\/p>\n<p>    Publi\u00e9 le 18\/08\/2025 09:15<\/p>\n<p>        Temps de lecture : 1min<\/p>\n<p>    <img decoding=\"async\"  alt=\"Manuel Bompard, d\u00e9put\u00e9 des Bouches-du-Rh\u00f4ne et coordinateur national de La France insoumise, le 18 ao\u00fbt 2025 sur franceinfo. (FRANCEINFO \/ RADIO FRANCE)\" width=\"432\" height=\"243\" src=\"https:\/\/www.europesays.com\/fr\/wp-content\/uploads\/2025\/08\/whatsapp-image-2025-08-18-at-09-04-17-68a2d287c14dd321165438.jpg\" fetchpriority=\"high\"\/><\/p>\n<p>      Manuel Bompard, d\u00e9put\u00e9 des Bouches-du-Rh\u00f4ne et coordinateur national de La France insoumise, le 18 ao\u00fbt 2025 sur franceinfo. (FRANCEINFO \/ RADIO FRANCE)<\/p>\n<p>\u00ab\u00a0Malheureusement, tout \u00e7a montre la faiblesse de l&rsquo;Union europ\u00e9enne, de la France vis-\u00e0-vis du pr\u00e9sident am\u00e9ricain mais aussi vis-\u00e0-vis du pr\u00e9sident russe\u00a0\u00bb, commente lundi 18 ao\u00fbt sur franceinfo, Manuel Bompard, d\u00e9put\u00e9 des Bouches-du-Rh\u00f4ne et coordinateur national de La France insoumise, \u00e0 quelques heures de <a href=\"https:\/\/www.franceinfo.fr\/monde\/europe\/manifestations-en-ukraine\/reunion-a-washington-c-est-un-deploiement-inedit-un-format-qu-on-n-a-pas-vu-dans-l-histoire-des-relations-internationales-selon-un-chercheur_7441252.html\" rel=\"nofollow noopener\" target=\"_blank\">la r\u00e9union \u00e0 Washington<\/a> entre Donald Trump et Volodymyr Zelensky et des dirigeants europ\u00e9ens. Le chef de l&rsquo;\u00c9tat Emmanuel Macron y participera \u00e9galement.<\/p>\n<p>L&rsquo;insoumis estime que la France et plus largement l&rsquo;Union europ\u00e9enne se sont \u00ab\u00a0rendus impuissants\u00a0\u00bb et ne parviennent pas \u00ab\u00a0\u00e0 jouer un r\u00f4le moteur pour obtenir le plus rapidement possible une paix juste et durable\u00a0\u00bb en Ukraine.<\/p>\n<p>Manuel Bompard tient pour responsable \u00ab\u00a0les politiques mises en places depuis des ann\u00e9es\u00a0\u00bb qui consistaient, selon lui, \u00e0 s&rsquo;aligner sur les positions am\u00e9ricaines. Or, \u00ab\u00a0il ne faut pas avoir confiance en Donald Trump pour porter les int\u00e9r\u00eats de la France ou de l&rsquo;Union europ\u00e9enne. Il faut avoir confiance en la France pour \u00e7a. Et pour \u00e7a, il fallait se cr\u00e9er les conditions pour \u00eatre \u00e0 la table des n\u00e9gociations, pas venir qu\u00e9mander\u00a0\u00bb, tacle le coordinateur national de LFI.<\/p>\n<p class=\"related-tags__title\" role=\"heading\" aria-level=\"2\">les mots-cl\u00e9s associ\u00e9s \u00e0 cet article\n    <\/p>\n","protected":false},"excerpt":{"rendered":"\u00ab\u00a0Il fallait se cr\u00e9er les conditions pour \u00eatre \u00e0 la table des n\u00e9gociations, pas venir qu\u00e9mander\u00a0\u00bb, juge le&hellip;\n","protected":false},"author":2,"featured_media":326627,"comment_status":"","ping_status":"","sticky":false,"template":"","format":"standard","meta":{"footnotes":""},"categories":[1586],"tags":[11,1777,674,1779,1011,27,12,25,1778,364],"class_list":{"0":"post-326626","1":"post","2":"type-post","3":"status-publish","4":"format-standard","5":"has-post-thumbnail","7":"category-europe","8":"tag-actualites","9":"tag-eu","10":"tag-europe","11":"tag-european-union","12":"tag-fr","13":"tag-france","14":"tag-news","15":"tag-republique-francaise","16":"tag-ue","17":"tag-union-europeenne"},"share_on_mastodon":{"url":"https:\/\/pubeurope.com\/@fr\/115048812797572913","error":""},"_links":{"self":[{"href":"https:\/\/www.europesays.com\/fr\/wp-json\/wp\/v2\/posts\/326626","targetHints":{"allow":["GET"]}}],"collection":[{"href":"https:\/\/www.europesays.com\/fr\/wp-json\/wp\/v2\/posts"}],"about":[{"href":"https:\/\/www.europesays.com\/fr\/wp-json\/wp\/v2\/types\/post"}],"author":[{"embeddable":true,"href":"https:\/\/www.europesays.com\/fr\/wp-json\/wp\/v2\/users\/2"}],"replies":[{"embeddable":true,"href":"https:\/\/www.europesays.com\/fr\/wp-json\/wp\/v2\/comments?post=326626"}],"version-history":[{"count":0,"href":"https:\/\/www.europesays.com\/fr\/wp-json\/wp\/v2\/posts\/326626\/revisions"}],"wp:featuredmedia":[{"embeddable":true,"href":"https:\/\/www.europesays.com\/fr\/wp-json\/wp\/v2\/media\/326627"}],"wp:attachment":[{"href":"https:\/\/www.europesays.com\/fr\/wp-json\/wp\/v2\/media?parent=326626"}],"wp:term":[{"taxonomy":"category","embeddable":true,"href":"https:\/\/www.europesays.com\/fr\/wp-json\/wp\/v2\/categories?post=326626"},{"taxonomy":"post_tag","embeddable":true,"href":"https:\/\/www.europesays.com\/fr\/wp-json\/wp\/v2\/tags?post=326626"}],"curies":[{"name":"wp","href":"https:\/\/api.w.org\/{rel}","templated":true}]}}