{"id":326628,"date":"2025-08-18T08:25:12","date_gmt":"2025-08-18T08:25:12","guid":{"rendered":"https:\/\/www.europesays.com\/fr\/326628\/"},"modified":"2025-08-18T08:25:12","modified_gmt":"2025-08-18T08:25:12","slug":"en-direct-guerre-en-ukraine-la-rencontre-entre-trump-et-zelensky-prevue-a-19-h-15-heure-de-paris-liberation","status":"publish","type":"post","link":"https:\/\/www.europesays.com\/fr\/326628\/","title":{"rendered":"EN DIRECT &#8211; Guerre en Ukraine\u00a0: la rencontre entre Trump et Zelensky pr\u00e9vue \u00e0 19 h 15 (heure de Paris) \u2013 Lib\u00e9ration"},"content":{"rendered":"<p class=\"sc-ksZaOG ehjQrN text-element\">Une frappe de drone russe lundi \u00e0 Kharkiv, dans l\u2019est de l\u2019Ukraine, a fait au moins cinq morts et plus d\u2019une dizaine de bless\u00e9s, ont indiqu\u00e9 les autorit\u00e9s locales, \u00e0 quelques heures d\u2019une rencontre entre Donald Trump et Volodymyr Zelensky \u00e0 Washington. \u00abCinq personnes ont \u00e9t\u00e9 tu\u00e9es, dont une fillette \u00e2g\u00e9e d\u2019environ un an et demi\u00bb, a d\u00e9clar\u00e9 le parquet ukrainien, pr\u00e9cisant qu\u2019\u00abau moins 18 personnes ont \u00e9t\u00e9 bless\u00e9es\u00bb. Les autorit\u00e9s ukrainiennes ont fait \u00e9tat dans la nuit de bombardements russes dans les r\u00e9gions de Soumy (nord-est), d\u2019Odessa (sud) et de Kharkiv o\u00f9 ils ont \u00e9t\u00e9 particuli\u00e8rement destructeurs. \u00abLa Russie continue de tuer d\u00e9lib\u00e9r\u00e9ment des civils\u00bb, a d\u00e9nonc\u00e9 le chef de l\u2019administration pr\u00e9sidentielle Andri\u00ef Iermak sur Telegram, diffusant des images d\u2019un immeuble en flammes \u00e0 Kharkiv.<\/p>\n","protected":false},"excerpt":{"rendered":"Une frappe de drone russe lundi \u00e0 Kharkiv, dans l\u2019est de l\u2019Ukraine, a fait au moins cinq morts&hellip;\n","protected":false},"author":2,"featured_media":326629,"comment_status":"","ping_status":"","sticky":false,"template":"","format":"standard","meta":{"footnotes":""},"categories":[2],"tags":[11,75,1073,73,1011,27,12,25,297,364,134],"class_list":{"0":"post-326628","1":"post","2":"type-post","3":"status-publish","4":"format-standard","5":"has-post-thumbnail","7":"category-actualites","8":"tag-actualites","9":"tag-donald-trump","10":"tag-emmanuel-macron","11":"tag-etats-unis","12":"tag-fr","13":"tag-france","14":"tag-news","15":"tag-republique-francaise","16":"tag-ukraine-la-crise","17":"tag-union-europeenne","18":"tag-volodymyr-zelensky"},"share_on_mastodon":{"url":"https:\/\/pubeurope.com\/@fr\/115048816627653703","error":""},"_links":{"self":[{"href":"https:\/\/www.europesays.com\/fr\/wp-json\/wp\/v2\/posts\/326628","targetHints":{"allow":["GET"]}}],"collection":[{"href":"https:\/\/www.europesays.com\/fr\/wp-json\/wp\/v2\/posts"}],"about":[{"href":"https:\/\/www.europesays.com\/fr\/wp-json\/wp\/v2\/types\/post"}],"author":[{"embeddable":true,"href":"https:\/\/www.europesays.com\/fr\/wp-json\/wp\/v2\/users\/2"}],"replies":[{"embeddable":true,"href":"https:\/\/www.europesays.com\/fr\/wp-json\/wp\/v2\/comments?post=326628"}],"version-history":[{"count":0,"href":"https:\/\/www.europesays.com\/fr\/wp-json\/wp\/v2\/posts\/326628\/revisions"}],"wp:featuredmedia":[{"embeddable":true,"href":"https:\/\/www.europesays.com\/fr\/wp-json\/wp\/v2\/media\/326629"}],"wp:attachment":[{"href":"https:\/\/www.europesays.com\/fr\/wp-json\/wp\/v2\/media?parent=326628"}],"wp:term":[{"taxonomy":"category","embeddable":true,"href":"https:\/\/www.europesays.com\/fr\/wp-json\/wp\/v2\/categories?post=326628"},{"taxonomy":"post_tag","embeddable":true,"href":"https:\/\/www.europesays.com\/fr\/wp-json\/wp\/v2\/tags?post=326628"}],"curies":[{"name":"wp","href":"https:\/\/api.w.org\/{rel}","templated":true}]}}