{"id":326632,"date":"2025-08-18T08:27:14","date_gmt":"2025-08-18T08:27:14","guid":{"rendered":"https:\/\/www.europesays.com\/fr\/326632\/"},"modified":"2025-08-18T08:27:14","modified_gmt":"2025-08-18T08:27:14","slug":"rappel-massif-de-peugeot-308-partout-en-france-apres-un-defaut-de-ceinture-verifiez-si-votre-vehicule-est-concerne","status":"publish","type":"post","link":"https:\/\/www.europesays.com\/fr\/326632\/","title":{"rendered":"Rappel massif de Peugeot 308 partout en France apr\u00e8s un d\u00e9faut de ceinture: v\u00e9rifiez si votre v\u00e9hicule est concern\u00e9"},"content":{"rendered":"<p>Depuis ce vendredi 15 ao\u00fbt, Stellantis proc\u00e8de au rappel de plusieurs mod\u00e8les de<strong> Peugeot 308 fabriqu\u00e9s entre 2015 et 2019<\/strong> en raison d\u2019un d\u00e9faut sur les ancrages de ceinture de s\u00e9curit\u00e9, pouvant compromettre la s\u00e9curit\u00e9 des passagers.<\/p>\n<p>Apr\u00e8s le<a href=\"https:\/\/www.nicematin.com\/faits-divers\/airbags-takata-un-distributeur-automobile-mis-en-examen-pour-blessures-involontaires-une-premiere-995667\" target=\"_blank\" rel=\"noopener\"> scandale des airbags Takata,<\/a> ce sont maintenant les <strong>ceintures qui font d\u00e9faut sur le mod\u00e8le Peugeot 308.\u00a0<\/strong><\/p>\n<p>Selon le site <a href=\"https:\/\/rappel.conso.gouv.fr\/\" target=\"_blank\" rel=\"noopener\">Rappel Conso<\/a>, certaines d\u2019entre elles repr\u00e9senteraient un danger une fois que le moteur est allum\u00e9.<\/p>\n<p>\u00ab\u00a0Les ancrages de ceinture de s\u00e9curit\u00e9 du si\u00e8ge arri\u00e8re peuvent ne pas r\u00e9sister suffisamment \u00e0 l\u2019impact de la force. Cela pourrait limiter la capacit\u00e9 du r\u00e9tracteur \u00e0 retenir un passager en cas d\u2019accident entra\u00eenant des blessures\u00a0\u00bb, explique le site gouvernemental ce vendredi 15 ao\u00fbt.<\/p>\n<p>                                <strong>Quels sont les mod\u00e8les concern\u00e9s?\u00a0<\/strong><\/p>\n<p>Les num\u00e9ros d\u2019homologation des mod\u00e8les sont: <strong>e2*2007\/46*0405*04,*06-*09,*11-*13,*15-*26<\/strong>. Ce num\u00e9ro est consultable sur la carte grise, case K. Utile pour v\u00e9rifier si votre v\u00e9hicule est concern\u00e9.<\/p>\n<p>Les mod\u00e8les vis\u00e9s par ces probl\u00e8mes sont ceux <strong>con\u00e7us entre le 12 octobre 2015 et le 1er f\u00e9vrier 2019<\/strong>.<\/p>\n<p><b>Comment faire?\u00a0<\/b><\/p>\n<p>Les automobilistes concern\u00e9s par ce rappel doivent donc imp\u00e9rativement <strong>contacter leur concessionnaire afin d\u2019obtenir les informations n\u00e9cessaires<\/strong> sur les d\u00e9marches \u00e0 suivre.<\/p>\n","protected":false},"excerpt":{"rendered":"Depuis ce vendredi 15 ao\u00fbt, Stellantis proc\u00e8de au rappel de plusieurs mod\u00e8les de Peugeot 308 fabriqu\u00e9s entre 2015&hellip;\n","protected":false},"author":2,"featured_media":326633,"comment_status":"","ping_status":"","sticky":false,"template":"","format":"standard","meta":{"footnotes":""},"categories":[4],"tags":[11,2876,1011,27,12,25],"class_list":{"0":"post-326632","1":"post","2":"type-post","3":"status-publish","4":"format-standard","5":"has-post-thumbnail","7":"category-france","8":"tag-actualites","9":"tag-conso-shopping","10":"tag-fr","11":"tag-france","12":"tag-news","13":"tag-republique-francaise"},"share_on_mastodon":{"url":"https:\/\/pubeurope.com\/@fr\/115048824471193362","error":""},"_links":{"self":[{"href":"https:\/\/www.europesays.com\/fr\/wp-json\/wp\/v2\/posts\/326632","targetHints":{"allow":["GET"]}}],"collection":[{"href":"https:\/\/www.europesays.com\/fr\/wp-json\/wp\/v2\/posts"}],"about":[{"href":"https:\/\/www.europesays.com\/fr\/wp-json\/wp\/v2\/types\/post"}],"author":[{"embeddable":true,"href":"https:\/\/www.europesays.com\/fr\/wp-json\/wp\/v2\/users\/2"}],"replies":[{"embeddable":true,"href":"https:\/\/www.europesays.com\/fr\/wp-json\/wp\/v2\/comments?post=326632"}],"version-history":[{"count":0,"href":"https:\/\/www.europesays.com\/fr\/wp-json\/wp\/v2\/posts\/326632\/revisions"}],"wp:featuredmedia":[{"embeddable":true,"href":"https:\/\/www.europesays.com\/fr\/wp-json\/wp\/v2\/media\/326633"}],"wp:attachment":[{"href":"https:\/\/www.europesays.com\/fr\/wp-json\/wp\/v2\/media?parent=326632"}],"wp:term":[{"taxonomy":"category","embeddable":true,"href":"https:\/\/www.europesays.com\/fr\/wp-json\/wp\/v2\/categories?post=326632"},{"taxonomy":"post_tag","embeddable":true,"href":"https:\/\/www.europesays.com\/fr\/wp-json\/wp\/v2\/tags?post=326632"}],"curies":[{"name":"wp","href":"https:\/\/api.w.org\/{rel}","templated":true}]}}