{"id":326634,"date":"2025-08-18T08:28:10","date_gmt":"2025-08-18T08:28:10","guid":{"rendered":"https:\/\/www.europesays.com\/fr\/326634\/"},"modified":"2025-08-18T08:28:10","modified_gmt":"2025-08-18T08:28:10","slug":"akie-iwai-debloque-son-compteur-sur-le-lgpa-celine-boutier-16e-au-portland-classic-lequipe","status":"publish","type":"post","link":"https:\/\/www.europesays.com\/fr\/326634\/","title":{"rendered":"Akie Iwai d\u00e9bloque son compteur sur le LGPA, C\u00e9line Boutier 16e au Portland Classic &#8211; L&#039;\u00c9quipe"},"content":{"rendered":"<ol>\n<li><a href=\"https:\/\/news.google.com\/rss\/articles\/CBMiyAFBVV95cUxNeFRrYVdDSGNHakdwV2p5NGUyT3JWZWxyYTA4YWw1YU9yX0JoNF9zbDMyenVYN3NCeDQwQnFGZk85UmlHNEtYWHNZSW1rYVBSTWhnYXJoeldmakcwVXVOVlJsaGhRYVpOamlWLUJRTWFNV1JVaDhPUlk0dE83UFFFOFhkU2ZETjVQT0dNcHZrcnhmMmZZRlNNM0ZYZjktanQ1VmRBZ0gxSF9CSHdMX012S0xmM0JJYWRmcS1zTlBBeDREMFNLeU9tdg?oc=5\" target=\"_blank\" rel=\"nofollow noopener\">Akie Iwai d\u00e9bloque son compteur sur le LGPA, C\u00e9line Boutier 16e au Portland Classic<\/a>&nbsp;&nbsp;L&rsquo;\u00c9quipe<\/li>\n<li><a href=\"https:\/\/news.google.com\/rss\/articles\/CBMiqwFBVV95cUxOV0FYZmIxdHJkeG9yeVhzSVZXWkRlU3ZLRGRRbjN0eVRCZ2VpdUc4MlFtcjZtYU5TRjJkcVNYcTN4RDBOZkhwcV9ra2xwOFlzX1ZLYkViX25qemRxUWlKX1FodnZQUENxVTctLWpWMDlMLTAxZHBtOTFRcDk2b3FlVlNtblB5UFZsMzBJdG9fSmhQemhZeUV1TFMzeElIN1hrUzdsazlock9QOVE?oc=5\" target=\"_blank\" rel=\"nofollow noopener\">Standard Portland Classic : Septi\u00e8me top 20 pour Boutier<\/a>&nbsp;&nbsp;F\u00e9d\u00e9ration fran\u00e7aise de golf (ffgolf)<\/li>\n<li><a href=\"https:\/\/news.google.com\/rss\/articles\/CBMiiwJBVV95cUxOUENPU3VtTkdYUDZkM3pKMmtlc2VROW05OHAxVUFCTUYwSnB4TlZFUkN0NVp0QTdPdGdsRllLazFDU0llUEp4V1U5WGViNXdnUXRWX3FsT1BUbS1ZdmFtTWtxYnZnR3FJZFh0YUc0dk5KUXVHT0JFdUY2d2xEOG83YzZsbC1IbGY3VTA3N0FGcGpBT0paYU9SVkpwUXp1SG8wM29qb0ptdFJKNWFuWUdkekxoSmxvMV9pbi1USVE2cmNRYUtqY0d6SDNmTDVxbXRiTWQtWVpjaVdpN3RBWGJlYS1UTHNNekhlX2p6czduZW1KN3Vza01uLWFBU2oxWHJXQUJDME5hRGRXSlU?oc=5\" target=\"_blank\" rel=\"nofollow noopener\">Golf. LPGA &#8211; Portland Classic: Akie Iwai (Jap) rejoint sa s\u0153ur jumelle Chisato en gagnant \u00e0 Portland<\/a>&nbsp;&nbsp;Ouest-France<\/li>\n<li><a href=\"https:\/\/news.google.com\/rss\/articles\/CBMimAFBVV95cUxPLXM2Y2NzUlJkZGpGZmpuVTl2QzNlOEdRWnJMRFZZWngxZk55RjV5R21pZmdDbmpLNEpqSVFYd0F2SWYtQy1QTXhEZTExWXFuaFBqTW5MVFJIRy1pdEZvbkFsNmZLc1Rqb0h6Q3NTYzRpN19LNU94NE4wMlhLMXdNdzRoNjNFeUkxRk4xUG9KUzExSVZGSnN2WQ?oc=5\" target=\"_blank\" rel=\"nofollow noopener\">Akie Iwai, un triomphe en famille. Boutier termine fort<\/a>&nbsp;&nbsp;Golf Plan\u00e8te<\/li>\n<li><a href=\"https:\/\/news.google.com\/rss\/articles\/CBMisgFBVV95cUxONUNDZHBSbExOUVZRNW9TTmoycWZUOXZYcVZzVDRpbnBnT0VkRGZpTlMtTG5YWmFqNWwyVFNLV29IVkVXalFUS0RkZDVTWERPZVcwaU9PaXQ5M1ZmUGtnTzY2aUp6dm83Q215ZDkwUE5TZUtXdHdaN01qVUFMaEFhZkt3cDFKMHgyVy04akUxaXl3Q24tOHRXWTVuaC1UN1ZmOXVvQjRZRFl5TFJMUkdoSENB?oc=5\" target=\"_blank\" rel=\"nofollow noopener\">Golf : C\u00e9line Boutier aux portes du Top 15 \u00e0 Portland<\/a>&nbsp;&nbsp;Le Figaro Golf<\/li>\n<\/ol>\n","protected":false},"excerpt":{"rendered":"Akie Iwai d\u00e9bloque son compteur sur le LGPA, C\u00e9line Boutier 16e au Portland Classic&nbsp;&nbsp;L&rsquo;\u00c9quipe Standard Portland Classic :&hellip;\n","protected":false},"author":2,"featured_media":326635,"comment_status":"","ping_status":"","sticky":false,"template":"","format":"standard","meta":{"footnotes":""},"categories":[1418],"tags":[1011,27,1472,60],"class_list":{"0":"post-326634","1":"post","2":"type-post","3":"status-publish","4":"format-standard","5":"has-post-thumbnail","7":"category-golf","8":"tag-fr","9":"tag-france","10":"tag-golf","11":"tag-sports"},"share_on_mastodon":{"url":"https:\/\/pubeurope.com\/@fr\/115048828300912122","error":""},"_links":{"self":[{"href":"https:\/\/www.europesays.com\/fr\/wp-json\/wp\/v2\/posts\/326634","targetHints":{"allow":["GET"]}}],"collection":[{"href":"https:\/\/www.europesays.com\/fr\/wp-json\/wp\/v2\/posts"}],"about":[{"href":"https:\/\/www.europesays.com\/fr\/wp-json\/wp\/v2\/types\/post"}],"author":[{"embeddable":true,"href":"https:\/\/www.europesays.com\/fr\/wp-json\/wp\/v2\/users\/2"}],"replies":[{"embeddable":true,"href":"https:\/\/www.europesays.com\/fr\/wp-json\/wp\/v2\/comments?post=326634"}],"version-history":[{"count":0,"href":"https:\/\/www.europesays.com\/fr\/wp-json\/wp\/v2\/posts\/326634\/revisions"}],"wp:featuredmedia":[{"embeddable":true,"href":"https:\/\/www.europesays.com\/fr\/wp-json\/wp\/v2\/media\/326635"}],"wp:attachment":[{"href":"https:\/\/www.europesays.com\/fr\/wp-json\/wp\/v2\/media?parent=326634"}],"wp:term":[{"taxonomy":"category","embeddable":true,"href":"https:\/\/www.europesays.com\/fr\/wp-json\/wp\/v2\/categories?post=326634"},{"taxonomy":"post_tag","embeddable":true,"href":"https:\/\/www.europesays.com\/fr\/wp-json\/wp\/v2\/tags?post=326634"}],"curies":[{"name":"wp","href":"https:\/\/api.w.org\/{rel}","templated":true}]}}