{"id":326636,"date":"2025-08-18T08:30:20","date_gmt":"2025-08-18T08:30:20","guid":{"rendered":"https:\/\/www.europesays.com\/fr\/326636\/"},"modified":"2025-08-18T08:30:20","modified_gmt":"2025-08-18T08:30:20","slug":"comment-regarder-les-matches-de-nationale-cette-saison","status":"publish","type":"post","link":"https:\/\/www.europesays.com\/fr\/326636\/","title":{"rendered":"comment regarder les matches de Nationale cette saison ?"},"content":{"rendered":"<p>C\u2019est un serpent de mer depuis de nombreuses saisons\u00a0: \u00e0 quand une diffusion \u00e0 la t\u00e9l\u00e9 des affiches de la troisi\u00e8me division\u00a0du rugby fran\u00e7ais\u00a0? Apr\u00e8s La Cha\u00eene L\u2019\u00c9quipe \u00e0 doses hom\u00e9opathiques entre\u00a02019 et\u00a02021 puis Sportall (2021\/2022), la F\u00e9d\u00e9ration fran\u00e7aise de rugby a trouv\u00e9 un nouveau diffuseur.<\/p>\n<p><a href=\"https:\/\/www.ledauphine.com\/sport\/2025\/06\/26\/la-nationale-sera-diffusee-gratuitement-lors-de-la-saison-2025-26\" target=\"_blank\" rel=\"noopener\">Il s\u2019agira d\u2019une entente<\/a> entre le Midi Olympique (via son site Rugbyrama) et Le Mag Sport.\u00a0Selon nos informations, des \u00e9quipes de commentateurs ont \u00e9t\u00e9 recrut\u00e9es pour \u00eatre pr\u00e9sentes sur les diff\u00e9rents stades de la division.<\/p>\n<p><a href=\"https:\/\/www.ledauphine.com\/sport\/classement\/rugby\/national-nationale\" target=\"_blank\" rel=\"noopener\"><strong>&gt;&gt; Les r\u00e9sultats, le classement et le calendrier de la Nationale<\/strong><\/a><\/p>\n<p>Pas de retomb\u00e9es \u00e9conomiques pour les clubs<\/p>\n<p>Des affiches premium seront cibl\u00e9es et couvertes chaque week-end. Bonne nouvelle pour les supporters des quatorze \u00e9quipes engag\u00e9s en Nationale, la diffusion des rencontres sera gratuite. Par cons\u00e9quent, pas de retomb\u00e9es \u00e9conomiques pour les clubs qui pourront compter sur une visibilit\u00e9 accrue \u00e0 d\u00e9faut de rentr\u00e9es d\u2019argent.<\/p>\n<p>Il s\u2019agit de l\u2019un des points noirs depuis la cr\u00e9ation de ce championnat par la FFR en 2020 alors que les pr\u00e9sidents de club r\u00e9clament des sources de revenus suppl\u00e9mentaires alors que la Nationale a \u00e9t\u00e9 marqu\u00e9e par les forfaits g\u00e9n\u00e9raux de Blagnac et Hy\u00e8res-Carqueiranne (2024).<\/p>\n","protected":false},"excerpt":{"rendered":"C\u2019est un serpent de mer depuis de nombreuses saisons\u00a0: \u00e0 quand une diffusion \u00e0 la t\u00e9l\u00e9 des affiches&hellip;\n","protected":false},"author":2,"featured_media":326637,"comment_status":"","ping_status":"","sticky":false,"template":"","format":"standard","meta":{"footnotes":""},"categories":[1416],"tags":[12919,13047,5509,12844,17598,46363,115,7001,1701,1011,27,479,1468,5508,17632,517,1947,60,2205],"class_list":{"0":"post-326636","1":"post","2":"type-post","3":"status-publish","4":"format-standard","5":"has-post-thumbnail","7":"category-rugby","8":"tag-bourgoin-jallieu","9":"tag-bourgoin-jallieu-bassin","10":"tag-chambery","11":"tag-chambery-bassin","12":"tag-csbj-cs-bourgoin-jallieu","13":"tag-csbj-rugby","14":"tag-edition-bourgoin-jallieu-nord-dauphine","15":"tag-edition-chambery-aix-les-bains","16":"tag-fil-info-sport","17":"tag-fr","18":"tag-france","19":"tag-rugby","20":"tag-rugby-football","21":"tag-savoie","22":"tag-soc-stade-olympique-de-chambery-rugby","23":"tag-sport","24":"tag-sport-national","25":"tag-sports","26":"tag-television-medias"},"share_on_mastodon":{"url":"https:\/\/pubeurope.com\/@fr\/115048836196082254","error":""},"_links":{"self":[{"href":"https:\/\/www.europesays.com\/fr\/wp-json\/wp\/v2\/posts\/326636","targetHints":{"allow":["GET"]}}],"collection":[{"href":"https:\/\/www.europesays.com\/fr\/wp-json\/wp\/v2\/posts"}],"about":[{"href":"https:\/\/www.europesays.com\/fr\/wp-json\/wp\/v2\/types\/post"}],"author":[{"embeddable":true,"href":"https:\/\/www.europesays.com\/fr\/wp-json\/wp\/v2\/users\/2"}],"replies":[{"embeddable":true,"href":"https:\/\/www.europesays.com\/fr\/wp-json\/wp\/v2\/comments?post=326636"}],"version-history":[{"count":0,"href":"https:\/\/www.europesays.com\/fr\/wp-json\/wp\/v2\/posts\/326636\/revisions"}],"wp:featuredmedia":[{"embeddable":true,"href":"https:\/\/www.europesays.com\/fr\/wp-json\/wp\/v2\/media\/326637"}],"wp:attachment":[{"href":"https:\/\/www.europesays.com\/fr\/wp-json\/wp\/v2\/media?parent=326636"}],"wp:term":[{"taxonomy":"category","embeddable":true,"href":"https:\/\/www.europesays.com\/fr\/wp-json\/wp\/v2\/categories?post=326636"},{"taxonomy":"post_tag","embeddable":true,"href":"https:\/\/www.europesays.com\/fr\/wp-json\/wp\/v2\/tags?post=326636"}],"curies":[{"name":"wp","href":"https:\/\/api.w.org\/{rel}","templated":true}]}}