{"id":326654,"date":"2025-08-18T08:40:12","date_gmt":"2025-08-18T08:40:12","guid":{"rendered":"https:\/\/www.europesays.com\/fr\/326654\/"},"modified":"2025-08-18T08:40:12","modified_gmt":"2025-08-18T08:40:12","slug":"canal-va-multiplier-les-diffusions-en-clair-grace-a-son-depart-de-la-tnt","status":"publish","type":"post","link":"https:\/\/www.europesays.com\/fr\/326654\/","title":{"rendered":"Canal+ va multiplier les diffusions en clair gr\u00e2ce \u00e0 son d\u00e9part de la TNT"},"content":{"rendered":"<p>                                                                                                                                    <img decoding=\"async\" width=\"800\" height=\"450\" src=\"https:\/\/www.europesays.com\/fr\/wp-content\/uploads\/2025\/08\/canalplus20-800x450-c-default-800x450-c-default1-800x450-c-default.jpg\" class=\"featured-image tease-featured-image \" alt=\"Canal+ va multiplier les diffusions en clair gr\u00e2ce \u00e0 son d\u00e9part de la TNT\" fetchpriority=\"high\"\/><\/p>\n<p><strong>La filiale de Vivendi mise sur le clair pour s\u00e9duire de nouveaux abonn\u00e9s.<\/strong><\/p>\n<p>Canal+ entend renforcer sa visibilit\u00e9 en proposant de plus en plus de programmes en clair. Premi\u00e8re illustration ce vendredi 15 ao\u00fbt \u00e0 21h : la cha\u00eene a diffus\u00e9 gratuitement le match d\u2019ouverture de la Premier League, Liverpool\u2013Bournemouth, sur le canal 40 des box.<\/p>\n<p>Depuis son retrait de la TNT, Canal+ dispose de la possibilit\u00e9 d\u2019ouvrir jusqu\u2019\u00e0 six heures de clair par jour sans accord de l\u2019ARCOM.\u00a0 \u00abAuparavant, il nous fallait \u00e0 chaque fois demander l\u2019autorisation \u00e0 l\u2019ARCOM (le gendarme de l\u2019audiovisuel, ndlr), qui nous a r\u00e9guli\u00e8rement refus\u00e9 des soir\u00e9es en clair. Cette strat\u00e9gie permet de faire d\u00e9couvrir le meilleur de Canal+ et de recruter de nouveaux abonn\u00e9s \u00bb, souligne G\u00e9rald-Brice Viret, directeur g\u00e9n\u00e9ral de Canal+ France. Une libert\u00e9 que le groupe compte exploiter pour mettre en avant ses comp\u00e9titions sportives et ses cr\u00e9ations originales.<\/p>\n<p>D\u2019autres \u00e9v\u00e9nements suivront \u00e0 la rentr\u00e9e : les deux premiers \u00e9pisodes de Sentinelles, un match de Ligue des champions, mais aussi des rendez-vous embl\u00e9matiques comme la c\u00e9r\u00e9monie des C\u00e9sar. L\u2019objectif est clair : offrir r\u00e9guli\u00e8rement un aper\u00e7u des contenus premium de la cha\u00eene, forte de ses 10 millions d\u2019abonn\u00e9s en France et d\u2019une pr\u00e9sence dans plus de 50 pays.<\/p>\n<p>Concernant le passage en clair de vendredi dernier, Canal+ assure que cette diffusion n\u2019a rien \u00e0 voir avec le lancement concomitant de Ligue1+, qui diffusait Rennes\u2013Marseille le m\u00eame soir. \u00ab Ce n\u2019est pas une provocation, simplement un hasard du calendrier \u00bb, affirme G\u00e9rald-Brice Viret.<\/p>\n<p>Source : <a href=\"https:\/\/www.programme-tv.net\/news\/tv\/385466-exclu-apres-son-depart-de-la-tnt-canal-va-diffuser-davantage-de-grands-evenements-en-clair\/\" target=\"_blank\" rel=\"noopener nofollow\">T\u00e9l\u00e9-Loisirs<\/a><\/p>\n<p class=\"view_none\" style=\"color:red\"><a style=\"color:red\" href=\"https:\/\/www.universfreebox.com\/article\/585136\/canal-va-multiplier-les-diffusions-en-clair-grace-a-son-depart-de-la-tnt\" rel=\"nofollow noopener\" target=\"_blank\">Cet article a \u00e9t\u00e9 repris sur le site Univers FreeBox<\/a> <\/p>\n","protected":false},"excerpt":{"rendered":"La filiale de Vivendi mise sur le clair pour s\u00e9duire de nouveaux abonn\u00e9s. Canal+ entend renforcer sa visibilit\u00e9&hellip;\n","protected":false},"author":2,"featured_media":326655,"comment_status":"","ping_status":"","sticky":false,"template":"","format":"standard","meta":{"footnotes":""},"categories":[1356],"tags":[58,59,1011,27,252,1364],"class_list":{"0":"post-326654","1":"post","2":"type-post","3":"status-publish","4":"format-standard","5":"has-post-thumbnail","7":"category-television","8":"tag-divertissement","9":"tag-entertainment","10":"tag-fr","11":"tag-france","12":"tag-television","13":"tag-tv"},"share_on_mastodon":{"url":"https:\/\/pubeurope.com\/@fr\/115048875898242747","error":""},"_links":{"self":[{"href":"https:\/\/www.europesays.com\/fr\/wp-json\/wp\/v2\/posts\/326654","targetHints":{"allow":["GET"]}}],"collection":[{"href":"https:\/\/www.europesays.com\/fr\/wp-json\/wp\/v2\/posts"}],"about":[{"href":"https:\/\/www.europesays.com\/fr\/wp-json\/wp\/v2\/types\/post"}],"author":[{"embeddable":true,"href":"https:\/\/www.europesays.com\/fr\/wp-json\/wp\/v2\/users\/2"}],"replies":[{"embeddable":true,"href":"https:\/\/www.europesays.com\/fr\/wp-json\/wp\/v2\/comments?post=326654"}],"version-history":[{"count":0,"href":"https:\/\/www.europesays.com\/fr\/wp-json\/wp\/v2\/posts\/326654\/revisions"}],"wp:featuredmedia":[{"embeddable":true,"href":"https:\/\/www.europesays.com\/fr\/wp-json\/wp\/v2\/media\/326655"}],"wp:attachment":[{"href":"https:\/\/www.europesays.com\/fr\/wp-json\/wp\/v2\/media?parent=326654"}],"wp:term":[{"taxonomy":"category","embeddable":true,"href":"https:\/\/www.europesays.com\/fr\/wp-json\/wp\/v2\/categories?post=326654"},{"taxonomy":"post_tag","embeddable":true,"href":"https:\/\/www.europesays.com\/fr\/wp-json\/wp\/v2\/tags?post=326654"}],"curies":[{"name":"wp","href":"https:\/\/api.w.org\/{rel}","templated":true}]}}