{"id":326670,"date":"2025-08-18T08:48:14","date_gmt":"2025-08-18T08:48:14","guid":{"rendered":"https:\/\/www.europesays.com\/fr\/326670\/"},"modified":"2025-08-18T08:48:14","modified_gmt":"2025-08-18T08:48:14","slug":"amnesty-international-juge-quisrael-mene-une-campagne-de-famine-deliberee","status":"publish","type":"post","link":"https:\/\/www.europesays.com\/fr\/326670\/","title":{"rendered":"Amnesty International juge qu\u2019Isra\u00ebl m\u00e8ne une \u00abcampagne de famine d\u00e9lib\u00e9r\u00e9e\u00bb"},"content":{"rendered":"<p>Dans un communiqu\u00e9 publi\u00e9 ce lundi, l\u2019ONG d\u00e9nonce les exactions commises par Isra\u00ebl dans le but de cr\u00e9er une \u00abdestruction physique\u00bb.<\/p>\n<p class=\"fig-paragraph\"><a href=\"http:\/\/www.lefigaro.fr\/international\/guerre-a-gaza-manifestations-en-israel-pour-demander-un-accord-sur-la-liberation-des-otages-20250817\" target=\"_blank\" data-fig-type=\"NewsFlash\" rel=\"noopener nofollow\" data-gtm-custom-categorie=\"navigation\" data-gtm-custom-action=\"crossclick\" data-gtm-custom-label=\"Contextuel\" data-gtm-event=\"customEventSPE\" data-fig-domain=\"LEFIGARO\">Isra\u00ebl\u00a0<\/a>m\u00e8ne \u00e0 Gaza une \u00abcampagne de famine d\u00e9lib\u00e9r\u00e9e\u00bb, estime\u00a0<a href=\"http:\/\/www.lefigaro.fr\/flash-actu\/amnesty-international-denonce-le-genocide-a-gaza-sur-la-vasque-olympique-20250726\" target=\"_blank\" data-fig-type=\"NewsFlash\" rel=\"noopener nofollow\" data-gtm-custom-categorie=\"navigation\" data-gtm-custom-action=\"crossclick\" data-gtm-custom-label=\"Contextuel\" data-gtm-event=\"customEventSPE\" data-fig-domain=\"LEFIGARO\">Amnesty International<\/a>\u00a0dans un communiqu\u00e9 publi\u00e9 ce lundi alors que l&rsquo;ONU et de nombreuses ONG ne cessent de mettre en garde contre une famine imminente dans le territoire palestinien en guerre.<\/p>\n<p class=\"fig-paragraph\">\u00abLa combinaison mortelle de la faim et de la maladie n&rsquo;est pas une cons\u00e9quence malheureuse des op\u00e9rations militaires isra\u00e9liennes\u00bb \u00e0 Gaza, \u00abc&rsquo;est le r\u00e9sultat intentionnel de plans et de politiques qu&rsquo;Isra\u00ebl a con\u00e7us et mis en \u0153uvre, au cours des 22 derniers mois, pour infliger d\u00e9lib\u00e9r\u00e9ment aux Palestiniens de Gaza des conditions de vie calcul\u00e9es pour entra\u00eener leur destruction physique\u00bb, \u00e9crit l&rsquo;organisation de d\u00e9fense des droits de l&rsquo;Homme. Sollicit\u00e9es par l&rsquo;AFP pour une r\u00e9action, les Affaires \u00e9trang\u00e8res et l&rsquo;arm\u00e9e isra\u00e9lienne n&rsquo;ont pas imm\u00e9diatement r\u00e9agi.<\/p>\n<p>                                    <a class=\"fig-a11y-skip a11y-hidden\" href=\"#fig-a11y-skip-main-inarticle\"><br \/>\n        Passer la publicit\u00e9<br \/>\n    <\/a><\/p>\n<p>\u00abG\u00e9nocide en direct\u00bb<\/p>\n<p class=\"fig-paragraph\">Pour l\u2019ONG, les t\u00e9moignages qu\u2019elle a recueillis confirment que \u00abla combinaison mortelle de la faim et de la maladie n\u2019est pas une cons\u00e9quence malheureuse des op\u00e9rations militaires isra\u00e9liennes\u00bb \u00e0\u00a0<a href=\"http:\/\/www.lefigaro.fr\/international\/gaza-la-france-va-poursuivre-ses-operations-de-largage-de-vivres-avec-l-envoi-de-36-tonnes-supplementaires-20250813\" target=\"_blank\" data-fig-type=\"NewsFlash\" rel=\"noopener nofollow\" data-gtm-custom-categorie=\"navigation\" data-gtm-custom-action=\"crossclick\" data-gtm-custom-label=\"Contextuel\" data-gtm-event=\"customEventSPE\" data-fig-domain=\"LEFIGARO\">Gaza<\/a>. \u00abC\u2019est le r\u00e9sultat intentionnel de plans et de politiques qu\u2019Isra\u00ebl a con\u00e7us et mis en \u0153uvre, au cours des 22 derniers mois, pour infliger d\u00e9lib\u00e9r\u00e9ment aux Palestiniens de Gaza des conditions de vie calcul\u00e9es pour entra\u00eener leur destruction physique, ce qui fait partie int\u00e9grante du g\u00e9nocide en cours d\u2019Isra\u00ebl contre les Palestiniens \u00e0 Gaza\u00bb, ajoute-t-elle.<\/p>\n<p class=\"fig-paragraph\">Amnesty International avait accus\u00e9 en avril les autorit\u00e9s isra\u00e9liennes de commettre un \u00abg\u00e9nocide en direct\u00bb \u00e0 Gaza, all\u00e9gations qualifi\u00e9es de \u00abmensonges sans fondement\u00bb par le minist\u00e8re des Affaires \u00e9trang\u00e8res isra\u00e9lien. Le Cogat, organe du minist\u00e8re de la d\u00e9fense isra\u00e9lien g\u00e9rant les affaires civiles dans les\u00a0<a href=\"http:\/\/www.lefigaro.fr\/flash-actu\/l-onu-dit-sa-profonde-inquietude-face-a-l-escalade-de-violence-en-israel-et-les-territoires-palestiniens-occupes-20220422\" target=\"_blank\" data-fig-type=\"NewsFlash\" rel=\"noopener nofollow\" data-gtm-custom-categorie=\"navigation\" data-gtm-custom-action=\"crossclick\" data-gtm-custom-label=\"Contextuel\" data-gtm-event=\"customEventSPE\" data-fig-domain=\"LEFIGARO\">Territoires palestiniens occup\u00e9s<\/a>, a estim\u00e9 le 12 ao\u00fbt qu\u2019il n\u2019y avait \u00abaucun signe de ph\u00e9nom\u00e8ne de malnutrition g\u00e9n\u00e9ralis\u00e9e\u00bb dans la bande de Gaza, r\u00e9futant des chiffres du mouvement islamiste palestinien Hamas sur les d\u00e9c\u00e8s dus \u00e0 la malnutrition.<\/p>\n","protected":false},"excerpt":{"rendered":"Dans un communiqu\u00e9 publi\u00e9 ce lundi, l\u2019ONG d\u00e9nonce les exactions commises par Isra\u00ebl dans le but de cr\u00e9er&hellip;\n","protected":false},"author":2,"featured_media":326671,"comment_status":"","ping_status":"","sticky":false,"template":"","format":"standard","meta":{"footnotes":""},"categories":[5],"tags":[11,4946,12980,1011,27,665,14,664,12,28],"class_list":{"0":"post-326670","1":"post","2":"type-post","3":"status-publish","4":"format-standard","5":"has-post-thumbnail","7":"category-international","8":"tag-actualites","9":"tag-amnesty-international","10":"tag-famine","11":"tag-fr","12":"tag-france","13":"tag-gaza","14":"tag-international","15":"tag-israel","16":"tag-news","17":"tag-world"},"share_on_mastodon":{"url":"https:\/\/pubeurope.com\/@fr\/115048906977566087","error":""},"_links":{"self":[{"href":"https:\/\/www.europesays.com\/fr\/wp-json\/wp\/v2\/posts\/326670","targetHints":{"allow":["GET"]}}],"collection":[{"href":"https:\/\/www.europesays.com\/fr\/wp-json\/wp\/v2\/posts"}],"about":[{"href":"https:\/\/www.europesays.com\/fr\/wp-json\/wp\/v2\/types\/post"}],"author":[{"embeddable":true,"href":"https:\/\/www.europesays.com\/fr\/wp-json\/wp\/v2\/users\/2"}],"replies":[{"embeddable":true,"href":"https:\/\/www.europesays.com\/fr\/wp-json\/wp\/v2\/comments?post=326670"}],"version-history":[{"count":0,"href":"https:\/\/www.europesays.com\/fr\/wp-json\/wp\/v2\/posts\/326670\/revisions"}],"wp:featuredmedia":[{"embeddable":true,"href":"https:\/\/www.europesays.com\/fr\/wp-json\/wp\/v2\/media\/326671"}],"wp:attachment":[{"href":"https:\/\/www.europesays.com\/fr\/wp-json\/wp\/v2\/media?parent=326670"}],"wp:term":[{"taxonomy":"category","embeddable":true,"href":"https:\/\/www.europesays.com\/fr\/wp-json\/wp\/v2\/categories?post=326670"},{"taxonomy":"post_tag","embeddable":true,"href":"https:\/\/www.europesays.com\/fr\/wp-json\/wp\/v2\/tags?post=326670"}],"curies":[{"name":"wp","href":"https:\/\/api.w.org\/{rel}","templated":true}]}}