{"id":326676,"date":"2025-08-18T08:51:10","date_gmt":"2025-08-18T08:51:10","guid":{"rendered":"https:\/\/www.europesays.com\/fr\/326676\/"},"modified":"2025-08-18T08:51:10","modified_gmt":"2025-08-18T08:51:10","slug":"breakdance-sya-dembele-4e-aux-championnats-du-monde","status":"publish","type":"post","link":"https:\/\/www.europesays.com\/fr\/326676\/","title":{"rendered":"Breakdance : Sya Demb\u00e9l\u00e9 4e aux championnats du monde"},"content":{"rendered":"<p>Sya Demb\u00e9l\u00e9, alias B-girl Syssy, championne de France de breaking, a termin\u00e9 4e aux aux championnats du monde qui se tenaient en Chine. <\/p>\n<p>Les 16 meilleures danseuses du monde de breaking dance s\u2019affrontaient les 16 et 17\u00a0ao\u00fbt\u00a0\u00e0 Chengdu, en Chine. La St\u00e9phanoise\u00a0Sya Demb\u00e9l\u00e9, membre du Melting Force Crew,\u00a0s\u2019est inclin\u00e9e devant la 3e\u00a0mondiale, la Lituanienne Nicka.<\/p>\n<p>Pour rappel,\u00a0Sya Demb\u00e9l\u00e9 (17 ans) s&rsquo;\u00e9tait qualifi\u00e9e pour les quarts de finale du\u00a0Breaking aux JO 2024 malgr\u00e9 un match nul face \u00e0 Nicka et avant de perdre face \u00e0 la Japonaise Ami.\u00a0<\/p>\n<p>ZF\u00a0<\/p>\n","protected":false},"excerpt":{"rendered":"Sya Demb\u00e9l\u00e9, alias B-girl Syssy, championne de France de breaking, a termin\u00e9 4e aux aux championnats du monde&hellip;\n","protected":false},"author":2,"featured_media":326677,"comment_status":"","ping_status":"","sticky":false,"template":"","format":"standard","meta":{"footnotes":""},"categories":[9653],"tags":[1111,11,2430,1777,674,1011,27,12,25,4001],"class_list":{"0":"post-326676","1":"post","2":"type-post","3":"status-publish","4":"format-standard","5":"has-post-thumbnail","7":"category-saint-etienne","8":"tag-actu","9":"tag-actualites","10":"tag-auvergne-rhone-alpes","11":"tag-eu","12":"tag-europe","13":"tag-fr","14":"tag-france","15":"tag-news","16":"tag-republique-francaise","17":"tag-saint-etienne"},"share_on_mastodon":{"url":"https:\/\/pubeurope.com\/@fr\/115048918811152578","error":""},"_links":{"self":[{"href":"https:\/\/www.europesays.com\/fr\/wp-json\/wp\/v2\/posts\/326676","targetHints":{"allow":["GET"]}}],"collection":[{"href":"https:\/\/www.europesays.com\/fr\/wp-json\/wp\/v2\/posts"}],"about":[{"href":"https:\/\/www.europesays.com\/fr\/wp-json\/wp\/v2\/types\/post"}],"author":[{"embeddable":true,"href":"https:\/\/www.europesays.com\/fr\/wp-json\/wp\/v2\/users\/2"}],"replies":[{"embeddable":true,"href":"https:\/\/www.europesays.com\/fr\/wp-json\/wp\/v2\/comments?post=326676"}],"version-history":[{"count":0,"href":"https:\/\/www.europesays.com\/fr\/wp-json\/wp\/v2\/posts\/326676\/revisions"}],"wp:featuredmedia":[{"embeddable":true,"href":"https:\/\/www.europesays.com\/fr\/wp-json\/wp\/v2\/media\/326677"}],"wp:attachment":[{"href":"https:\/\/www.europesays.com\/fr\/wp-json\/wp\/v2\/media?parent=326676"}],"wp:term":[{"taxonomy":"category","embeddable":true,"href":"https:\/\/www.europesays.com\/fr\/wp-json\/wp\/v2\/categories?post=326676"},{"taxonomy":"post_tag","embeddable":true,"href":"https:\/\/www.europesays.com\/fr\/wp-json\/wp\/v2\/tags?post=326676"}],"curies":[{"name":"wp","href":"https:\/\/api.w.org\/{rel}","templated":true}]}}