{"id":326678,"date":"2025-08-18T08:52:10","date_gmt":"2025-08-18T08:52:10","guid":{"rendered":"https:\/\/www.europesays.com\/fr\/326678\/"},"modified":"2025-08-18T08:52:10","modified_gmt":"2025-08-18T08:52:10","slug":"saint-etienne-des-tags-racistes-et-antisemites-decouverts-sur-des-lieux-symboliques","status":"publish","type":"post","link":"https:\/\/www.europesays.com\/fr\/326678\/","title":{"rendered":"Saint-Etienne. Des tags racistes et antis\u00e9mites d\u00e9couverts sur des lieux symboliques"},"content":{"rendered":"<p>            Par<br \/>\n        <strong><br \/>\n            <a href=\"https:\/\/actu.fr\/auteur\/mathias-souteyrat\" title=\"Consulter tous les articles de Mathias Souteyrat\" rel=\"nofollow noopener\" target=\"_blank\">Mathias Souteyrat<\/a><br \/>\n        <\/strong><\/p>\n<p>        Publi\u00e9 le<\/p>\n<p>            18 ao\u00fbt 2025 \u00e0 10h17        <\/p>\n<p>Des inscriptions racistes, antis\u00e9mites et islamophobes ont \u00e9t\u00e9 d\u00e9couvertes l\u2019apr\u00e8s-midi du dimanche 17 ao\u00fbt devant l\u2019H\u00f4tel de ville de Saint-Etienne, la cath\u00e9drale Saint-Charles, place Jean-Jaur\u00e8s, ainsi que sur le b\u00e2timent du palais de Justice \u00e0 <a href=\"https:\/\/actu.fr\/saint-etienne\/\" rel=\"nofollow noopener\" target=\"_blank\">Saint-Etienne<\/a>.<\/p>\n<p class=\" wall-content\">Ga\u00ebl Perdriau, maire de la ville, \u00ab\u2009condamne ces actes odieux et d\u2019une grande l\u00e2chet\u00e9\u2009\u00bb, dans un communiqu\u00e9 de presse.<\/p>\n<blockquote class=\"ac-article-quote wall-content\">\n<p>Rien n\u2019est plus \u00e9tranger \u00e0 notre ville de Saint-Etienne que le racisme, l\u2019antis\u00e9mitisme et l\u2019islamophobie. En toute circonstance, nous ne devons pas rester silencieux et condamner sans rel\u00e2che et sans faiblesse, cette haine de l\u2019autre d\u2019o\u00f9 qu\u2019elle vienne, qui fait le lit des populismes.<\/p>\n<p>Je ne connais qu\u2019une seule communaut\u00e9 \u00e0 Saint-Etienne : celle des St\u00e9phanoises et des St\u00e9phanois et je m\u2019emploie, chaque jour, avec l\u2019ensemble de l\u2019\u00e9quipe municipale, \u00e0 les r\u00e9unir autour des valeurs r\u00e9publicaines qui nous permettent de vivre harmonieusement en soci\u00e9t\u00e9. Tout autre chemin est une impasse et se termine in\u00e9luctablement en violence.<\/p>\n<p>    <strong>Ga\u00ebl Perdriau <\/strong><br \/>\n        Maire de Saint-Etienne    <\/p><\/blockquote>\n<p>Images de vid\u00e9osurveillance<\/p>\n<p class=\" wall-content\">Selon l\u2019\u00e9dile st\u00e9phanois, une enqu\u00eate est en cours. \u00ab\u2009La ville de Saint-Etienne mettra \u00e0 disposition de la police nationale les images de vid\u00e9osurveillance afin que le ou les auteurs puissent \u00eatre identifi\u00e9s et arr\u00eat\u00e9s, et comme elle le fait aussi d\u00e9sormais syst\u00e9matiquement lors de d\u00e9gradations de l\u2019espace public.\u2009\u00bb<\/p>\n<p class=\" wall-content\">De plus, la ville de Saint-Etienne d\u00e9posera plainte. La mairie proc\u00e8de \u00e0\u00a0l\u2019effacement de ces inscriptions.<\/p>\n<p class=\" wall-content\">Suivez toute l\u2019actualit\u00e9 de vos villes et m\u00e9dias favoris en vous inscrivant \u00e0 <a href=\"https:\/\/moncompte.actu.fr\" title=\"D\u00e9couvez Mon Actu\" rel=\"nofollow noopener\" data-trk=\"{&quot;cta&quot;:{&quot;action&quot;:&quot;https:\\\/\\\/moncompte.actu.fr&quot;,&quot;category&quot;:&quot;mon compte&quot;,&quot;from&quot;:&quot;article footer&quot;,&quot;name&quot;:&quot;Mon actu&quot;,&quot;type&quot;:&quot;cta&quot;}}\" target=\"_blank\">Mon Actu<\/a>.<\/p>\n","protected":false},"excerpt":{"rendered":"Par Mathias Souteyrat Publi\u00e9 le 18 ao\u00fbt 2025 \u00e0 10h17 Des inscriptions racistes, antis\u00e9mites et islamophobes ont \u00e9t\u00e9&hellip;\n","protected":false},"author":2,"featured_media":326679,"comment_status":"","ping_status":"","sticky":false,"template":"","format":"standard","meta":{"footnotes":""},"categories":[9653],"tags":[1111,11,6155,2430,1777,674,118,1011,27,12,1072,25,4001],"class_list":{"0":"post-326678","1":"post","2":"type-post","3":"status-publish","4":"format-standard","5":"has-post-thumbnail","7":"category-saint-etienne","8":"tag-actu","9":"tag-actualites","10":"tag-antisemitisme","11":"tag-auvergne-rhone-alpes","12":"tag-eu","13":"tag-europe","14":"tag-faits-divers","15":"tag-fr","16":"tag-france","17":"tag-news","18":"tag-police","19":"tag-republique-francaise","20":"tag-saint-etienne"},"share_on_mastodon":{"url":"https:\/\/pubeurope.com\/@fr\/115048922772911019","error":""},"_links":{"self":[{"href":"https:\/\/www.europesays.com\/fr\/wp-json\/wp\/v2\/posts\/326678","targetHints":{"allow":["GET"]}}],"collection":[{"href":"https:\/\/www.europesays.com\/fr\/wp-json\/wp\/v2\/posts"}],"about":[{"href":"https:\/\/www.europesays.com\/fr\/wp-json\/wp\/v2\/types\/post"}],"author":[{"embeddable":true,"href":"https:\/\/www.europesays.com\/fr\/wp-json\/wp\/v2\/users\/2"}],"replies":[{"embeddable":true,"href":"https:\/\/www.europesays.com\/fr\/wp-json\/wp\/v2\/comments?post=326678"}],"version-history":[{"count":0,"href":"https:\/\/www.europesays.com\/fr\/wp-json\/wp\/v2\/posts\/326678\/revisions"}],"wp:featuredmedia":[{"embeddable":true,"href":"https:\/\/www.europesays.com\/fr\/wp-json\/wp\/v2\/media\/326679"}],"wp:attachment":[{"href":"https:\/\/www.europesays.com\/fr\/wp-json\/wp\/v2\/media?parent=326678"}],"wp:term":[{"taxonomy":"category","embeddable":true,"href":"https:\/\/www.europesays.com\/fr\/wp-json\/wp\/v2\/categories?post=326678"},{"taxonomy":"post_tag","embeddable":true,"href":"https:\/\/www.europesays.com\/fr\/wp-json\/wp\/v2\/tags?post=326678"}],"curies":[{"name":"wp","href":"https:\/\/api.w.org\/{rel}","templated":true}]}}