{"id":326680,"date":"2025-08-18T08:53:32","date_gmt":"2025-08-18T08:53:32","guid":{"rendered":"https:\/\/www.europesays.com\/fr\/326680\/"},"modified":"2025-08-18T08:53:32","modified_gmt":"2025-08-18T08:53:32","slug":"meurthe-et-moselle-un-homme-de-37-ans-tue-au-couteau-lors-dune-rixe-en-famille-pres-de-nancy","status":"publish","type":"post","link":"https:\/\/www.europesays.com\/fr\/326680\/","title":{"rendered":"Meurthe-et-Moselle. Un homme de 37 ans tu\u00e9 au couteau lors d\u2019une rixe en famille pr\u00e8s de Nancy"},"content":{"rendered":"<p>U ne large tache de sang macule encore la chauss\u00e9e, place Ernest-Poirson, \u00e0 Neuves-Maisons, \u00e0 quelques m\u00e8tres de l\u2019\u00e9cole maternelle L\u00e9on-Blum. <\/p>\n<p>Ce contenu est bloqu\u00e9 car vous n&rsquo;avez pas accept\u00e9 les cookies et autres traceurs.<\/p>\n<p>En cliquant sur \u00ab J\u2019accepte \u00bb, les cookies et autres traceurs seront d\u00e9pos\u00e9s et vous pourrez visualiser les contenus  (<a href=\"\" class=\"consentModule_policy\" target=\"_blank\" title=\"Consulter la politique de protection des donn\u00e9es du fournisseur\">plus d&rsquo;informations<\/a>).<\/p>\n<p>En cliquant sur \u00ab J\u2019accepte tous les cookies \u00bb, vous autorisez des d\u00e9p\u00f4ts de cookies et autres traceurs pour le stockage de vos donn\u00e9es sur nos sites et applications \u00e0 des fins de personnalisation et de ciblage publicitaire.<\/p>\n<p class=\"consentModule_secondaryText\">Vous gardez la possibilit\u00e9 de retirer votre consentement \u00e0 tout moment en consultant notre <a href=\"https:\/\/www.estrepublicain.fr\/protection-des-donnees\" target=\"_blank\" title=\"Consulter notre politique de protection des donn\u00e9es\" rel=\"noopener\">politique de protection des donn\u00e9es<\/a>. <br \/>&#13;<br \/>\n            <a href=\"https:\/\/www.estrepublicain.fr\/faits-divers-justice\/2025\/08\/17\/javascript:Didomi.notice.show()\" class=\"consentModule_cmp\" target=\"_blank\" rel=\"noopener\">G\u00e9rer mes choix<\/a>&#13;\n        <\/p>\n<p>&#13;<br \/>\n                        J&rsquo;accepte&#13;<br \/>\n            J&rsquo;accepte tous les cookies&#13;\n        <\/p>\n<p>Dans la petite all\u00e9e qui conduit \u00e0 l\u2019arri\u00e8re de l\u2019\u00e9tablissement scolaire et qui permet de rejoindre un appartement municipal en location, o\u00f9 se d\u00e9roulait la soir\u00e9e qui a vir\u00e9 au drame, encore du sang, beaucoup de sang. Autant de traces qui rappellent la rixe mortelle survenue vers 22\u00a0h\u00a030, samedi 16\u00a0ao\u00fbt, en ces lieux, dans un cadre intrafamilial.<\/p>\n<p>La victime, Tony M., un habitant de Messein \u00e2g\u00e9 de 37 ans passait a priori la soir\u00e9e au domicile de sa belle-famille, au c\u00f4t\u00e9 de sa compagne avec qui il a eu deux jeunes enfants. Toutefois, le couple vit une relation tumultueuse, faite de s\u00e9parations et de retrouvailles.<\/p>\n<p>Le trentenaire avait-il \u00e9t\u00e9 convi\u00e9 ou s\u2019\u00e9tait-il invit\u00e9\u00a0? Les investigations de gendarmerie en cours permettront de le pr\u00e9ciser.<\/p>\n<p>Toujours est-il que c\u2019est dans le cadre d\u2019une violente dispute que ce p\u00e8re de famille a \u00e9t\u00e9 poignard\u00e9 par l\u2019un des individus pr\u00e9sents \u00e0 la soir\u00e9e. Le suspect, locataire du logement, a \u00e9t\u00e9 interpell\u00e9 par la gendarmerie. Il est actuellement en garde \u00e0 vue.<\/p>\n<p>Sur place, les pompiers de Neuves-Maisons ainsi qu\u2019une \u00e9quipe m\u00e9dicale du SMUR n\u2019ont pas pu r\u00e9animer la victime.<\/p>\n<p>  Vers l\u2019ouverture d\u2019une information judiciaire<\/p>\n<p>Une enqu\u00eate pour homicide a \u00e9t\u00e9 ouverte par les militaires de la brigade de Neuves-Maisons ainsi que ceux de la compagnie de Nancy. Elle visera \u00e0 d\u00e9terminer avec pr\u00e9cisions les causes et circonstances du drame. Le corps a \u00e9t\u00e9 transport\u00e9 \u00e0 l\u2019institut m\u00e9dico-l\u00e9gal (IML) de Nancy-Brabois pour autopsie.<\/p>\n<p>Contact\u00e9, le parquet de Nancy nous confirme \u00ab\u00a0qu\u2019un homicide a \u00e9t\u00e9 commis [samedi soir] \u00e0 Neuves-Maisons dans un contexte familial. Un d\u00e9f\u00e8rement du gard\u00e9 \u00e0 vue est pr\u00e9vu [lundi] ainsi que l\u2019ouverture d\u2019une information judiciaire\u00a0\u00bb, a indiqu\u00e9 Amaury Lac\u00f4te, procureur adjoint de permanence au cours du week-end.<\/p>\n","protected":false},"excerpt":{"rendered":"U ne large tache de sang macule encore la chauss\u00e9e, place Ernest-Poirson, \u00e0 Neuves-Maisons, \u00e0 quelques m\u00e8tres de&hellip;\n","protected":false},"author":2,"featured_media":326681,"comment_status":"","ping_status":"","sticky":false,"template":"","format":"standard","meta":{"footnotes":""},"categories":[9635],"tags":[1111,11,9848,271,272,1707,1704,1706,1705,1777,674,274,1011,27,775,3457,1702,9847,12,3456,25],"class_list":{"0":"post-326680","1":"post","2":"type-post","3":"status-publish","4":"format-standard","5":"has-post-thumbnail","7":"category-nancy","8":"tag-actu","9":"tag-actualites","10":"tag-cc-moselle-et-madon-54b","11":"tag-crime","12":"tag-delit-et-contravention","13":"tag-edition-luneville","14":"tag-edition-nancy-et-agglomeration","15":"tag-edition-pont-a-mousson","16":"tag-edition-toul","17":"tag-eu","18":"tag-europe","19":"tag-faits-divers-justice","20":"tag-fr","21":"tag-france","22":"tag-grand-est","23":"tag-meurthe-et-moselle","24":"tag-nancy","25":"tag-neuves-maisons","26":"tag-news","27":"tag-region-lorraine","28":"tag-republique-francaise"},"share_on_mastodon":{"url":"https:\/\/pubeurope.com\/@fr\/115048926745342984","error":""},"_links":{"self":[{"href":"https:\/\/www.europesays.com\/fr\/wp-json\/wp\/v2\/posts\/326680","targetHints":{"allow":["GET"]}}],"collection":[{"href":"https:\/\/www.europesays.com\/fr\/wp-json\/wp\/v2\/posts"}],"about":[{"href":"https:\/\/www.europesays.com\/fr\/wp-json\/wp\/v2\/types\/post"}],"author":[{"embeddable":true,"href":"https:\/\/www.europesays.com\/fr\/wp-json\/wp\/v2\/users\/2"}],"replies":[{"embeddable":true,"href":"https:\/\/www.europesays.com\/fr\/wp-json\/wp\/v2\/comments?post=326680"}],"version-history":[{"count":0,"href":"https:\/\/www.europesays.com\/fr\/wp-json\/wp\/v2\/posts\/326680\/revisions"}],"wp:featuredmedia":[{"embeddable":true,"href":"https:\/\/www.europesays.com\/fr\/wp-json\/wp\/v2\/media\/326681"}],"wp:attachment":[{"href":"https:\/\/www.europesays.com\/fr\/wp-json\/wp\/v2\/media?parent=326680"}],"wp:term":[{"taxonomy":"category","embeddable":true,"href":"https:\/\/www.europesays.com\/fr\/wp-json\/wp\/v2\/categories?post=326680"},{"taxonomy":"post_tag","embeddable":true,"href":"https:\/\/www.europesays.com\/fr\/wp-json\/wp\/v2\/tags?post=326680"}],"curies":[{"name":"wp","href":"https:\/\/api.w.org\/{rel}","templated":true}]}}