{"id":326694,"date":"2025-08-18T09:02:11","date_gmt":"2025-08-18T09:02:11","guid":{"rendered":"https:\/\/www.europesays.com\/fr\/326694\/"},"modified":"2025-08-18T09:02:11","modified_gmt":"2025-08-18T09:02:11","slug":"metropole-de-grenoble-un-homme-de-55-ans-suspecte-davoir-donne-un-coup-de-couteau-a-son-fils","status":"publish","type":"post","link":"https:\/\/www.europesays.com\/fr\/326694\/","title":{"rendered":"M\u00e9tropole de Grenoble. Un homme de 55 ans suspect\u00e9 d\u2019avoir donn\u00e9 un coup de couteau \u00e0 son fils"},"content":{"rendered":"<p>Dimanche 17\u00a0ao\u00fbt, vers 20\u00a0h, les policiers grenoblois sont intervenus au domicile d\u2019un homme \u00e2g\u00e9 de 55 ans, 32 mail Marcel-Cachin \u00e0 Fontaine, apr\u00e8s un signalement.<\/p>\n<p>Ce contenu est bloqu\u00e9 car vous n&rsquo;avez pas accept\u00e9 les cookies et autres traceurs.<\/p>\n<p>En cliquant sur \u00ab J\u2019accepte \u00bb, les cookies et autres traceurs seront d\u00e9pos\u00e9s et vous pourrez visualiser les contenus  (<a href=\"\" class=\"consentModule_policy\" target=\"_blank\" title=\"Consulter la politique de protection des donn\u00e9es du fournisseur\">plus d&rsquo;informations<\/a>).<\/p>\n<p>En cliquant sur \u00ab J\u2019accepte tous les cookies \u00bb, vous autorisez des d\u00e9p\u00f4ts de cookies et autres traceurs pour le stockage de vos donn\u00e9es sur nos sites et applications \u00e0 des fins de personnalisation et de ciblage publicitaire.<\/p>\n<p class=\"consentModule_secondaryText\">Vous gardez la possibilit\u00e9 de retirer votre consentement \u00e0 tout moment en consultant notre <a href=\"https:\/\/www.ledauphine.com\/protection-des-donnees\" target=\"_blank\" title=\"Consulter notre politique de protection des donn\u00e9es\" rel=\"noopener\">politique de protection des donn\u00e9es<\/a>. <br \/>&#13;<br \/>\n            <a href=\"https:\/\/www.ledauphine.com\/faits-divers-justice\/2025\/08\/18\/javascript:Didomi.notice.show()\" class=\"consentModule_cmp\" target=\"_blank\" rel=\"noopener\">G\u00e9rer mes choix<\/a>&#13;\n        <\/p>\n<p>&#13;<br \/>\n                        J&rsquo;accepte&#13;<br \/>\n            J&rsquo;accepte tous les cookies&#13;\n        <\/p>\n<p>Cet homme, qui \u00e9tait alcoolis\u00e9 selon les renseignements du  Dauphin\u00e9 Lib\u00e9r\u00e9, aurait donn\u00e9 un coup de couteau \u00e0 son fils au niveau du thorax, lui occasionnant une plaie superficielle. La dispute originelle aurait \u00e9clat\u00e9 au sujet d\u2019un d\u00e9saccord de cha\u00eene de t\u00e9l\u00e9, d\u2019apr\u00e8s une source proche de l\u2019enqu\u00eate. Toujours selon nos informations, le fils \u00e9tait \u00e9galement alcoolis\u00e9.<\/p>\n<p>L\u00e9g\u00e8rement bless\u00e9, celui-ci a refus\u00e9 de porter plainte contre son p\u00e8re et n\u2019a pas \u00e9t\u00e9 transport\u00e9 \u00e0 l\u2019h\u00f4pital. L\u2019homme \u00e2g\u00e9 de 55 ans a, quant \u00e0 lui, \u00e9t\u00e9 interpell\u00e9 et plac\u00e9 en garde \u00e0 vue.<\/p>\n","protected":false},"excerpt":{"rendered":"Dimanche 17\u00a0ao\u00fbt, vers 20\u00a0h, les policiers grenoblois sont intervenus au domicile d\u2019un homme \u00e2g\u00e9 de 55 ans, 32&hellip;\n","protected":false},"author":2,"featured_media":326695,"comment_status":"","ping_status":"","sticky":false,"template":"","format":"standard","meta":{"footnotes":""},"categories":[9566],"tags":[1111,11,2430,271,272,112,1777,674,274,107,9592,11680,1011,27,2731,108,12,25],"class_list":{"0":"post-326694","1":"post","2":"type-post","3":"status-publish","4":"format-standard","5":"has-post-thumbnail","7":"category-grenoble","8":"tag-actu","9":"tag-actualites","10":"tag-auvergne-rhone-alpes","11":"tag-crime","12":"tag-delit-et-contravention","13":"tag-edition-grenoble-agglomeration","14":"tag-eu","15":"tag-europe","16":"tag-faits-divers-justice","17":"tag-fil-info","18":"tag-fontaine","19":"tag-fontaine-bassin","20":"tag-fr","21":"tag-france","22":"tag-grenoble","23":"tag-isere","24":"tag-news","25":"tag-republique-francaise"},"share_on_mastodon":{"url":"https:\/\/pubeurope.com\/@fr\/115048962098109943","error":""},"_links":{"self":[{"href":"https:\/\/www.europesays.com\/fr\/wp-json\/wp\/v2\/posts\/326694","targetHints":{"allow":["GET"]}}],"collection":[{"href":"https:\/\/www.europesays.com\/fr\/wp-json\/wp\/v2\/posts"}],"about":[{"href":"https:\/\/www.europesays.com\/fr\/wp-json\/wp\/v2\/types\/post"}],"author":[{"embeddable":true,"href":"https:\/\/www.europesays.com\/fr\/wp-json\/wp\/v2\/users\/2"}],"replies":[{"embeddable":true,"href":"https:\/\/www.europesays.com\/fr\/wp-json\/wp\/v2\/comments?post=326694"}],"version-history":[{"count":0,"href":"https:\/\/www.europesays.com\/fr\/wp-json\/wp\/v2\/posts\/326694\/revisions"}],"wp:featuredmedia":[{"embeddable":true,"href":"https:\/\/www.europesays.com\/fr\/wp-json\/wp\/v2\/media\/326695"}],"wp:attachment":[{"href":"https:\/\/www.europesays.com\/fr\/wp-json\/wp\/v2\/media?parent=326694"}],"wp:term":[{"taxonomy":"category","embeddable":true,"href":"https:\/\/www.europesays.com\/fr\/wp-json\/wp\/v2\/categories?post=326694"},{"taxonomy":"post_tag","embeddable":true,"href":"https:\/\/www.europesays.com\/fr\/wp-json\/wp\/v2\/tags?post=326694"}],"curies":[{"name":"wp","href":"https:\/\/api.w.org\/{rel}","templated":true}]}}