{"id":326696,"date":"2025-08-18T09:03:09","date_gmt":"2025-08-18T09:03:09","guid":{"rendered":"https:\/\/www.europesays.com\/fr\/326696\/"},"modified":"2025-08-18T09:03:09","modified_gmt":"2025-08-18T09:03:09","slug":"pres-de-grenoble-le-corps-dun-homme-retrouve-sur-la-rocade-sud-ce-quil-sest-passe","status":"publish","type":"post","link":"https:\/\/www.europesays.com\/fr\/326696\/","title":{"rendered":"Pr\u00e8s de Grenoble. Le corps d&rsquo;un homme retrouv\u00e9 sur la rocade sud : ce qu&rsquo;il s&rsquo;est pass\u00e9"},"content":{"rendered":"<p>            Par<br \/>\n        <strong><br \/>\n            <a href=\"https:\/\/actu.fr\/auteur\/julien-sournies\" title=\"Consulter tous les articles de Julien Sournies\" rel=\"nofollow noopener\" target=\"_blank\">Julien Sournies<\/a><br \/>\n        <\/strong><\/p>\n<p>        Publi\u00e9 le<\/p>\n<p>            18 ao\u00fbt 2025 \u00e0 10h43        <\/p>\n<p>Une d\u00e9couverte macabre. Le corps d\u2019une personne a \u00e9t\u00e9 retrouv\u00e9 au pied d\u2019un pont sur la rocade sud dans le sens Meylan-<a href=\"https:\/\/actu.fr\/grenoble\/\" rel=\"nofollow noopener\" target=\"_blank\">Grenoble<\/a>, \u00e0 hauteur de la commune d\u2019Eybens (<a href=\"https:\/\/actu.fr\/auvergne-rhone-alpes\/isere_38\" rel=\"nofollow noopener\" target=\"_blank\">Is\u00e8re<\/a>), peu apr\u00e8s 6h du matin ce dimanche 17\u00a0ao\u00fbt 2025.<\/p>\n<p class=\" wall-content\">Intervenus sur les lieux du drame aux environs de 6h15, les sapeurs-pompiers et le Samu n\u2019ont pu que<strong> constater le d\u00e9c\u00e8s de la victime<\/strong>.<\/p>\n<p>La th\u00e8se du suicide privil\u00e9gi\u00e9e<\/p>\n<p class=\" wall-content\">Selon les informations du <a href=\"https:\/\/c.ledauphine.com\/faits-divers-justice\/2025\/08\/17\/le-corps-d-une-femme-retrouve-sur-la-rocade-sud\" rel=\"nofollow noopener\" target=\"_blank\">Dauphin\u00e9 Lib\u00e9r\u00e9<\/a>, le d\u00e9funt serait un <strong>homme<\/strong>, lequel se serait <strong>volontairement donn\u00e9 la mort<\/strong> avant d\u2019\u00eatre violemment percut\u00e9 par des v\u00e9hicules.<\/p>\n<p>    <a href=\"https:\/\/www.google.com\/maps\/embed?pb=!1m14!1m8!1m3!1d4037.0345820228085!2d5.746606!3d45.157357!3m2!1i1024!2i768!4f13.1!3m3!1m2!1s0x47f4ea3a62f1a5c3%3A0x218f0b248cb512ac!2sAv.%20Jean%20Jaur%C3%A8s%2C%2069007%20Lyon!5e1!3m2!1sfr!2sfr!4v1755506207430!5m2!1sfr!2sfr\" title=\"Ouvrie le lien\" rel=\"nofollow noopener\" target=\"_blank\">Cliquez ici pour visualiser le contenu<\/a><\/p>\n<p class=\" wall-content\">\u00c0 noter que le trafic sur la rocade a d\u00fb \u00eatre imm\u00e9diatement <strong>interrompu<\/strong> afin de faciliter l\u2019intervention des secours, formant ainsi d\u2019importants bouchons en amont.<\/p>\n<p class=\" wall-content\">Ce n\u2019est finalement qu\u2019aux alentours de 10h ce dimanche que la circulation est revenue \u00e0 la normale.<\/p>\n<p class=\" wall-content\">Suivez toute l\u2019actualit\u00e9 de vos villes et m\u00e9dias favoris en vous inscrivant \u00e0 <a href=\"https:\/\/moncompte.actu.fr\" title=\"D\u00e9couvez Mon Actu\" rel=\"nofollow noopener\" data-trk=\"{&quot;cta&quot;:{&quot;action&quot;:&quot;https:\\\/\\\/moncompte.actu.fr&quot;,&quot;category&quot;:&quot;mon compte&quot;,&quot;from&quot;:&quot;article footer&quot;,&quot;name&quot;:&quot;Mon actu&quot;,&quot;type&quot;:&quot;cta&quot;}}\" target=\"_blank\">Mon Actu<\/a>.<\/p>\n","protected":false},"excerpt":{"rendered":"Par Julien Sournies Publi\u00e9 le 18 ao\u00fbt 2025 \u00e0 10h43 Une d\u00e9couverte macabre. Le corps d\u2019une personne a&hellip;\n","protected":false},"author":2,"featured_media":326697,"comment_status":"","ping_status":"","sticky":false,"template":"","format":"standard","meta":{"footnotes":""},"categories":[9566],"tags":[1111,11,2430,1777,674,118,1011,27,2731,12,1072,1311,25],"class_list":{"0":"post-326696","1":"post","2":"type-post","3":"status-publish","4":"format-standard","5":"has-post-thumbnail","7":"category-grenoble","8":"tag-actu","9":"tag-actualites","10":"tag-auvergne-rhone-alpes","11":"tag-eu","12":"tag-europe","13":"tag-faits-divers","14":"tag-fr","15":"tag-france","16":"tag-grenoble","17":"tag-news","18":"tag-police","19":"tag-pompiers","20":"tag-republique-francaise"},"share_on_mastodon":{"url":"https:\/\/pubeurope.com\/@fr\/115048965974817032","error":""},"_links":{"self":[{"href":"https:\/\/www.europesays.com\/fr\/wp-json\/wp\/v2\/posts\/326696","targetHints":{"allow":["GET"]}}],"collection":[{"href":"https:\/\/www.europesays.com\/fr\/wp-json\/wp\/v2\/posts"}],"about":[{"href":"https:\/\/www.europesays.com\/fr\/wp-json\/wp\/v2\/types\/post"}],"author":[{"embeddable":true,"href":"https:\/\/www.europesays.com\/fr\/wp-json\/wp\/v2\/users\/2"}],"replies":[{"embeddable":true,"href":"https:\/\/www.europesays.com\/fr\/wp-json\/wp\/v2\/comments?post=326696"}],"version-history":[{"count":0,"href":"https:\/\/www.europesays.com\/fr\/wp-json\/wp\/v2\/posts\/326696\/revisions"}],"wp:featuredmedia":[{"embeddable":true,"href":"https:\/\/www.europesays.com\/fr\/wp-json\/wp\/v2\/media\/326697"}],"wp:attachment":[{"href":"https:\/\/www.europesays.com\/fr\/wp-json\/wp\/v2\/media?parent=326696"}],"wp:term":[{"taxonomy":"category","embeddable":true,"href":"https:\/\/www.europesays.com\/fr\/wp-json\/wp\/v2\/categories?post=326696"},{"taxonomy":"post_tag","embeddable":true,"href":"https:\/\/www.europesays.com\/fr\/wp-json\/wp\/v2\/tags?post=326696"}],"curies":[{"name":"wp","href":"https:\/\/api.w.org\/{rel}","templated":true}]}}