{"id":326704,"date":"2025-08-18T09:07:33","date_gmt":"2025-08-18T09:07:33","guid":{"rendered":"https:\/\/www.europesays.com\/fr\/326704\/"},"modified":"2025-08-18T09:07:33","modified_gmt":"2025-08-18T09:07:33","slug":"photos-fc-metz-rc-strasbourg-le-retour-de-la-ligue-1-a-saint-symphorien-moselle-sport","status":"publish","type":"post","link":"https:\/\/www.europesays.com\/fr\/326704\/","title":{"rendered":"[Photos] FC Metz-RC Strasbourg : le retour de la Ligue 1 \u00e0 Saint-Symphorien &#8211; Moselle Sport"},"content":{"rendered":"<p>Retour en images sur la rencontre de la premi\u00e8re journ\u00e9e de Ligue 1 entre le FC Metz et le RC Strasbourg (0-1).<\/p>\n<p><a href=\"https:\/\/www.mosellesport.fr\/wp-content\/uploads\/2025\/08\/Metz-Strasbourg-1-0-Ligue-1-06.jpg\" data-slb-active=\"1\" data-slb-asset=\"1261262348\" data-slb-internal=\"0\" data-slb-group=\"slb\" rel=\"nofollow noopener\" target=\"_blank\"><img loading=\"lazy\" decoding=\"async\" width=\"1024\" height=\"635\" data-id=\"24691\" src=\"https:\/\/www.europesays.com\/fr\/wp-content\/uploads\/2025\/08\/Metz-Strasbourg-1-0-Ligue-1-06-1024x635.jpg\" alt=\"\" class=\"wp-image-24691\"  \/><\/a><\/p>\n<p><a href=\"https:\/\/www.mosellesport.fr\/wp-content\/uploads\/2025\/08\/Metz-Strasbourg-1-0-Ligue-1-01.jpg\" data-slb-active=\"1\" data-slb-asset=\"385586183\" data-slb-internal=\"0\" data-slb-group=\"slb\" rel=\"nofollow noopener\" target=\"_blank\"><img loading=\"lazy\" decoding=\"async\" width=\"1024\" height=\"635\" data-id=\"24690\" src=\"https:\/\/www.europesays.com\/fr\/wp-content\/uploads\/2025\/08\/Metz-Strasbourg-1-0-Ligue-1-01-1024x635.jpg\" alt=\"\" class=\"wp-image-24690\"  \/><\/a><\/p>\n<p><a href=\"https:\/\/www.mosellesport.fr\/wp-content\/uploads\/2025\/08\/Metz-Strasbourg-1-0-Ligue-1-02.jpg\" data-slb-active=\"1\" data-slb-asset=\"712621347\" data-slb-internal=\"0\" data-slb-group=\"slb\" rel=\"nofollow noopener\" target=\"_blank\"><img loading=\"lazy\" decoding=\"async\" width=\"1024\" height=\"635\" data-id=\"24692\" src=\"https:\/\/www.europesays.com\/fr\/wp-content\/uploads\/2025\/08\/Metz-Strasbourg-1-0-Ligue-1-02-1024x635.jpg\" alt=\"\" class=\"wp-image-24692\"  \/><\/a><\/p>\n<p><a href=\"https:\/\/www.mosellesport.fr\/wp-content\/uploads\/2025\/08\/Metz-Strasbourg-1-0-Ligue-1-03.jpg\" data-slb-active=\"1\" data-slb-asset=\"2072329398\" data-slb-internal=\"0\" data-slb-group=\"slb\" rel=\"nofollow noopener\" target=\"_blank\"><img loading=\"lazy\" decoding=\"async\" width=\"1024\" height=\"635\" data-id=\"24693\" src=\"https:\/\/www.europesays.com\/fr\/wp-content\/uploads\/2025\/08\/Metz-Strasbourg-1-0-Ligue-1-03-1024x635.jpg\" alt=\"\" class=\"wp-image-24693\"  \/><\/a><\/p>\n<p><a href=\"https:\/\/www.mosellesport.fr\/wp-content\/uploads\/2025\/08\/Metz-Strasbourg-1-0-Ligue-1-04.jpg\" data-slb-active=\"1\" data-slb-asset=\"1523762268\" data-slb-internal=\"0\" data-slb-group=\"slb\" rel=\"nofollow noopener\" target=\"_blank\"><img loading=\"lazy\" decoding=\"async\" width=\"1024\" height=\"635\" data-id=\"24696\" src=\"https:\/\/www.europesays.com\/fr\/wp-content\/uploads\/2025\/08\/Metz-Strasbourg-1-0-Ligue-1-04-1024x635.jpg\" alt=\"\" class=\"wp-image-24696\"  \/><\/a><\/p>\n<p><a href=\"https:\/\/www.mosellesport.fr\/wp-content\/uploads\/2025\/08\/Metz-Strasbourg-1-0-Ligue-1-05.jpg\" data-slb-active=\"1\" data-slb-asset=\"1995528929\" data-slb-internal=\"0\" data-slb-group=\"slb\" rel=\"nofollow noopener\" target=\"_blank\"><img loading=\"lazy\" decoding=\"async\" width=\"1024\" height=\"635\" data-id=\"24694\" src=\"https:\/\/www.europesays.com\/fr\/wp-content\/uploads\/2025\/08\/Metz-Strasbourg-1-0-Ligue-1-05-1024x635.jpg\" alt=\"\" class=\"wp-image-24694\"  \/><\/a><\/p>\n<p><a href=\"https:\/\/www.mosellesport.fr\/wp-content\/uploads\/2025\/08\/Metz-Strasbourg-1-0-Ligue-1-07.jpg\" data-slb-active=\"1\" data-slb-asset=\"1499410563\" data-slb-internal=\"0\" data-slb-group=\"slb\" rel=\"nofollow noopener\" target=\"_blank\"><img loading=\"lazy\" decoding=\"async\" width=\"1024\" height=\"635\" data-id=\"24689\" src=\"https:\/\/www.europesays.com\/fr\/wp-content\/uploads\/2025\/08\/Metz-Strasbourg-1-0-Ligue-1-07-1024x635.jpg\" alt=\"\" class=\"wp-image-24689\"  \/><\/a><\/p>\n<p><a href=\"https:\/\/www.mosellesport.fr\/wp-content\/uploads\/2025\/08\/Metz-Strasbourg-1-0-Ligue-1-08.jpg\" data-slb-active=\"1\" data-slb-asset=\"272551394\" data-slb-internal=\"0\" data-slb-group=\"slb\" rel=\"nofollow noopener\" target=\"_blank\"><img loading=\"lazy\" decoding=\"async\" width=\"1024\" height=\"635\" data-id=\"24695\" src=\"https:\/\/www.europesays.com\/fr\/wp-content\/uploads\/2025\/08\/Metz-Strasbourg-1-0-Ligue-1-08-1024x635.jpg\" alt=\"\" class=\"wp-image-24695\"  \/><\/a><\/p>\n<p><a href=\"https:\/\/www.mosellesport.fr\/wp-content\/uploads\/2025\/08\/Metz-Strasbourg-1-0-Ligue-1-09.jpg\" data-slb-active=\"1\" data-slb-asset=\"742028081\" data-slb-internal=\"0\" data-slb-group=\"slb\" rel=\"nofollow noopener\" target=\"_blank\"><img loading=\"lazy\" decoding=\"async\" width=\"1024\" height=\"635\" data-id=\"24697\" src=\"https:\/\/www.europesays.com\/fr\/wp-content\/uploads\/2025\/08\/Metz-Strasbourg-1-0-Ligue-1-09-1024x635.jpg\" alt=\"\" class=\"wp-image-24697\"  \/><\/a><\/p>\n<p><a href=\"https:\/\/www.mosellesport.fr\/wp-content\/uploads\/2025\/08\/Metz-Strasbourg-1-0-Ligue-1-10.jpg\" data-slb-active=\"1\" data-slb-asset=\"1595598451\" data-slb-internal=\"0\" data-slb-group=\"slb\" rel=\"nofollow noopener\" target=\"_blank\"><img loading=\"lazy\" decoding=\"async\" width=\"1024\" height=\"635\" data-id=\"24702\" src=\"https:\/\/www.europesays.com\/fr\/wp-content\/uploads\/2025\/08\/Metz-Strasbourg-1-0-Ligue-1-10-1024x635.jpg\" alt=\"\" class=\"wp-image-24702\"  \/><\/a><\/p>\n<p><a href=\"https:\/\/www.mosellesport.fr\/wp-content\/uploads\/2025\/08\/Metz-Strasbourg-1-0-Ligue-1-11.jpg\" data-slb-active=\"1\" data-slb-asset=\"483229821\" data-slb-internal=\"0\" data-slb-group=\"slb\" rel=\"nofollow noopener\" target=\"_blank\"><img loading=\"lazy\" decoding=\"async\" width=\"1024\" height=\"635\" data-id=\"24700\" src=\"https:\/\/www.europesays.com\/fr\/wp-content\/uploads\/2025\/08\/Metz-Strasbourg-1-0-Ligue-1-11-1024x635.jpg\" alt=\"\" class=\"wp-image-24700\"  \/><\/a><\/p>\n<p><a href=\"https:\/\/www.mosellesport.fr\/wp-content\/uploads\/2025\/08\/Metz-Strasbourg-1-0-Ligue-1-12.jpg\" data-slb-active=\"1\" data-slb-asset=\"181712307\" data-slb-internal=\"0\" data-slb-group=\"slb\" rel=\"nofollow noopener\" target=\"_blank\"><img loading=\"lazy\" decoding=\"async\" width=\"1024\" height=\"635\" data-id=\"24699\" src=\"https:\/\/www.europesays.com\/fr\/wp-content\/uploads\/2025\/08\/Metz-Strasbourg-1-0-Ligue-1-12-1024x635.jpg\" alt=\"\" class=\"wp-image-24699\"  \/><\/a><\/p>\n<p><a href=\"https:\/\/www.mosellesport.fr\/wp-content\/uploads\/2025\/08\/Metz-Strasbourg-1-0-Ligue-1-13.jpg\" data-slb-active=\"1\" data-slb-asset=\"325734213\" data-slb-internal=\"0\" data-slb-group=\"slb\" rel=\"nofollow noopener\" target=\"_blank\"><img loading=\"lazy\" decoding=\"async\" width=\"1024\" height=\"635\" data-id=\"24698\" src=\"https:\/\/www.europesays.com\/fr\/wp-content\/uploads\/2025\/08\/Metz-Strasbourg-1-0-Ligue-1-13-1024x635.jpg\" alt=\"\" class=\"wp-image-24698\"  \/><\/a><\/p>\n<p><a href=\"https:\/\/www.mosellesport.fr\/wp-content\/uploads\/2025\/08\/Metz-Strasbourg-1-0-Ligue-1-14.jpg\" data-slb-active=\"1\" data-slb-asset=\"482962058\" data-slb-internal=\"0\" data-slb-group=\"slb\" rel=\"nofollow noopener\" target=\"_blank\"><img loading=\"lazy\" decoding=\"async\" width=\"1024\" height=\"635\" data-id=\"24701\" src=\"https:\/\/www.europesays.com\/fr\/wp-content\/uploads\/2025\/08\/Metz-Strasbourg-1-0-Ligue-1-14-1024x635.jpg\" alt=\"\" class=\"wp-image-24701\"  \/><\/a><\/p>\n<p><a href=\"https:\/\/www.mosellesport.fr\/wp-content\/uploads\/2025\/08\/Metz-Strasbourg-1-0-Ligue-1-15.jpg\" data-slb-active=\"1\" data-slb-asset=\"1395332291\" data-slb-internal=\"0\" data-slb-group=\"slb\" rel=\"nofollow noopener\" target=\"_blank\"><img loading=\"lazy\" decoding=\"async\" width=\"1024\" height=\"635\" data-id=\"24704\" src=\"https:\/\/www.europesays.com\/fr\/wp-content\/uploads\/2025\/08\/Metz-Strasbourg-1-0-Ligue-1-15-1024x635.jpg\" alt=\"\" class=\"wp-image-24704\"  \/><\/a><\/p>\n<p><a href=\"https:\/\/www.mosellesport.fr\/wp-content\/uploads\/2025\/08\/Metz-Strasbourg-1-0-Ligue-1-16.jpg\" data-slb-active=\"1\" data-slb-asset=\"999051098\" data-slb-internal=\"0\" data-slb-group=\"slb\" rel=\"nofollow noopener\" target=\"_blank\"><img loading=\"lazy\" decoding=\"async\" width=\"1024\" height=\"635\" data-id=\"24703\" src=\"https:\/\/www.europesays.com\/fr\/wp-content\/uploads\/2025\/08\/Metz-Strasbourg-1-0-Ligue-1-16-1024x635.jpg\" alt=\"\" class=\"wp-image-24703\"  \/><\/a><\/p>\n<p><a href=\"https:\/\/www.mosellesport.fr\/wp-content\/uploads\/2025\/08\/Metz-Strasbourg-1-0-Ligue-1-17.jpg\" data-slb-active=\"1\" data-slb-asset=\"340989551\" data-slb-internal=\"0\" data-slb-group=\"slb\" rel=\"nofollow noopener\" target=\"_blank\"><img loading=\"lazy\" decoding=\"async\" width=\"1024\" height=\"635\" data-id=\"24707\" src=\"https:\/\/www.europesays.com\/fr\/wp-content\/uploads\/2025\/08\/Metz-Strasbourg-1-0-Ligue-1-17-1024x635.jpg\" alt=\"\" class=\"wp-image-24707\"  \/><\/a><\/p>\n<p><a href=\"https:\/\/www.mosellesport.fr\/wp-content\/uploads\/2025\/08\/Metz-Strasbourg-1-0-Ligue-1-18.jpg\" data-slb-active=\"1\" data-slb-asset=\"1473988019\" data-slb-internal=\"0\" data-slb-group=\"slb\" rel=\"nofollow noopener\" target=\"_blank\"><img loading=\"lazy\" decoding=\"async\" width=\"1024\" height=\"635\" data-id=\"24706\" src=\"https:\/\/www.europesays.com\/fr\/wp-content\/uploads\/2025\/08\/Metz-Strasbourg-1-0-Ligue-1-18-1024x635.jpg\" alt=\"\" class=\"wp-image-24706\"  \/><\/a><\/p>\n<p><a href=\"https:\/\/www.mosellesport.fr\/wp-content\/uploads\/2025\/08\/Metz-Strasbourg-1-0-Ligue-1-19.jpg\" data-slb-active=\"1\" data-slb-asset=\"1829251602\" data-slb-internal=\"0\" data-slb-group=\"slb\" rel=\"nofollow noopener\" target=\"_blank\"><img loading=\"lazy\" decoding=\"async\" width=\"1024\" height=\"635\" data-id=\"24711\" src=\"https:\/\/www.europesays.com\/fr\/wp-content\/uploads\/2025\/08\/Metz-Strasbourg-1-0-Ligue-1-19-1024x635.jpg\" alt=\"\" class=\"wp-image-24711\"  \/><\/a><\/p>\n<p><a href=\"https:\/\/www.mosellesport.fr\/wp-content\/uploads\/2025\/08\/Metz-Strasbourg-1-0-Ligue-1-20.jpg\" data-slb-active=\"1\" data-slb-asset=\"1061923644\" data-slb-internal=\"0\" data-slb-group=\"slb\" rel=\"nofollow noopener\" target=\"_blank\"><img loading=\"lazy\" decoding=\"async\" width=\"1024\" height=\"635\" data-id=\"24705\" src=\"https:\/\/www.europesays.com\/fr\/wp-content\/uploads\/2025\/08\/Metz-Strasbourg-1-0-Ligue-1-20-1024x635.jpg\" alt=\"\" class=\"wp-image-24705\"  \/><\/a><\/p>\n<p><a href=\"https:\/\/www.mosellesport.fr\/wp-content\/uploads\/2025\/08\/Metz-Strasbourg-1-0-Ligue-1-21.jpg\" data-slb-active=\"1\" data-slb-asset=\"376676759\" data-slb-internal=\"0\" data-slb-group=\"slb\" rel=\"nofollow noopener\" target=\"_blank\"><img loading=\"lazy\" decoding=\"async\" width=\"1024\" height=\"635\" data-id=\"24712\" src=\"https:\/\/www.europesays.com\/fr\/wp-content\/uploads\/2025\/08\/Metz-Strasbourg-1-0-Ligue-1-21-1024x635.jpg\" alt=\"\" class=\"wp-image-24712\"  \/><\/a><\/p>\n<p><a href=\"https:\/\/www.mosellesport.fr\/wp-content\/uploads\/2025\/08\/Metz-Strasbourg-1-0-Ligue-1-22.jpg\" data-slb-active=\"1\" data-slb-asset=\"1521515921\" data-slb-internal=\"0\" data-slb-group=\"slb\" rel=\"nofollow noopener\" target=\"_blank\"><img loading=\"lazy\" decoding=\"async\" width=\"1024\" height=\"635\" data-id=\"24709\" src=\"https:\/\/www.europesays.com\/fr\/wp-content\/uploads\/2025\/08\/Metz-Strasbourg-1-0-Ligue-1-22-1024x635.jpg\" alt=\"\" class=\"wp-image-24709\"  \/><\/a><\/p>\n<p><a href=\"https:\/\/www.mosellesport.fr\/wp-content\/uploads\/2025\/08\/Metz-Strasbourg-1-0-Ligue-1-23.jpg\" data-slb-active=\"1\" data-slb-asset=\"1662408401\" data-slb-internal=\"0\" data-slb-group=\"slb\" rel=\"nofollow noopener\" target=\"_blank\"><img loading=\"lazy\" decoding=\"async\" width=\"1024\" height=\"635\" data-id=\"24708\" src=\"https:\/\/www.europesays.com\/fr\/wp-content\/uploads\/2025\/08\/Metz-Strasbourg-1-0-Ligue-1-23-1024x635.jpg\" alt=\"\" class=\"wp-image-24708\"  \/><\/a><\/p>\n<p><a href=\"https:\/\/www.mosellesport.fr\/wp-content\/uploads\/2025\/08\/Metz-Strasbourg-1-0-Ligue-1-24.jpg\" data-slb-active=\"1\" data-slb-asset=\"1746303519\" data-slb-internal=\"0\" data-slb-group=\"slb\" rel=\"nofollow noopener\" target=\"_blank\"><img loading=\"lazy\" decoding=\"async\" width=\"1024\" height=\"635\" data-id=\"24710\" src=\"https:\/\/www.europesays.com\/fr\/wp-content\/uploads\/2025\/08\/Metz-Strasbourg-1-0-Ligue-1-24-1024x635.jpg\" alt=\"\" class=\"wp-image-24710\"  \/><\/a><\/p>\n<p><a href=\"https:\/\/www.mosellesport.fr\/wp-content\/uploads\/2025\/08\/Metz-Strasbourg-1-0-Ligue-1-25.jpg\" data-slb-active=\"1\" data-slb-asset=\"890334961\" data-slb-internal=\"0\" data-slb-group=\"slb\" rel=\"nofollow noopener\" target=\"_blank\"><img loading=\"lazy\" decoding=\"async\" width=\"1024\" height=\"635\" data-id=\"24713\" src=\"https:\/\/www.europesays.com\/fr\/wp-content\/uploads\/2025\/08\/Metz-Strasbourg-1-0-Ligue-1-25-1024x635.jpg\" alt=\"\" class=\"wp-image-24713\"  \/><\/a><\/p>\n<p><a href=\"https:\/\/www.mosellesport.fr\/wp-content\/uploads\/2025\/08\/Metz-Strasbourg-1-0-Ligue-1-26.jpg\" data-slb-active=\"1\" data-slb-asset=\"275964717\" data-slb-internal=\"0\" data-slb-group=\"slb\" rel=\"nofollow noopener\" target=\"_blank\"><img loading=\"lazy\" decoding=\"async\" width=\"1024\" height=\"635\" data-id=\"24715\" src=\"https:\/\/www.europesays.com\/fr\/wp-content\/uploads\/2025\/08\/Metz-Strasbourg-1-0-Ligue-1-26-1024x635.jpg\" alt=\"\" class=\"wp-image-24715\"  \/><\/a><\/p>\n<p><a href=\"https:\/\/www.mosellesport.fr\/wp-content\/uploads\/2025\/08\/Metz-Strasbourg-1-0-Ligue-1-27.jpg\" data-slb-active=\"1\" data-slb-asset=\"1404909696\" data-slb-internal=\"0\" data-slb-group=\"slb\" rel=\"nofollow noopener\" target=\"_blank\"><img loading=\"lazy\" decoding=\"async\" width=\"1024\" height=\"635\" data-id=\"24714\" src=\"https:\/\/www.europesays.com\/fr\/wp-content\/uploads\/2025\/08\/Metz-Strasbourg-1-0-Ligue-1-27-1024x635.jpg\" alt=\"\" class=\"wp-image-24714\"  \/><\/a><\/p>\n<p><a href=\"https:\/\/www.mosellesport.fr\/wp-content\/uploads\/2025\/08\/Metz-Strasbourg-1-0-Ligue-1-29.jpg\" data-slb-active=\"1\" data-slb-asset=\"1468563136\" data-slb-internal=\"0\" data-slb-group=\"slb\" rel=\"nofollow noopener\" target=\"_blank\"><img loading=\"lazy\" decoding=\"async\" width=\"1024\" height=\"635\" data-id=\"24717\" src=\"https:\/\/www.europesays.com\/fr\/wp-content\/uploads\/2025\/08\/Metz-Strasbourg-1-0-Ligue-1-29-1024x635.jpg\" alt=\"\" class=\"wp-image-24717\"  \/><\/a><\/p>\n<p><a href=\"https:\/\/www.mosellesport.fr\/wp-content\/uploads\/2025\/08\/Metz-Strasbourg-1-0-Ligue-1-30.jpg\" data-slb-active=\"1\" data-slb-asset=\"670431346\" data-slb-internal=\"0\" data-slb-group=\"slb\" rel=\"nofollow noopener\" target=\"_blank\"><img loading=\"lazy\" decoding=\"async\" width=\"1024\" height=\"635\" data-id=\"24716\" src=\"https:\/\/www.europesays.com\/fr\/wp-content\/uploads\/2025\/08\/Metz-Strasbourg-1-0-Ligue-1-30-1024x635.jpg\" alt=\"\" class=\"wp-image-24716\"  \/><\/a><\/p>\n<p><a href=\"https:\/\/www.mosellesport.fr\/wp-content\/uploads\/2025\/08\/Metz-Strasbourg-1-0-Ligue-1-31.jpg\" data-slb-active=\"1\" data-slb-asset=\"1303375325\" data-slb-internal=\"0\" data-slb-group=\"slb\" rel=\"nofollow noopener\" target=\"_blank\"><img loading=\"lazy\" decoding=\"async\" width=\"1024\" height=\"635\" data-id=\"24718\" src=\"https:\/\/www.europesays.com\/fr\/wp-content\/uploads\/2025\/08\/Metz-Strasbourg-1-0-Ligue-1-31-1024x635.jpg\" alt=\"\" class=\"wp-image-24718\"  \/><\/a><\/p>\n<p><a href=\"https:\/\/www.mosellesport.fr\/wp-content\/uploads\/2025\/08\/Metz-Strasbourg-1-0-Ligue-1-32.jpg\" data-slb-active=\"1\" data-slb-asset=\"660076101\" data-slb-internal=\"0\" data-slb-group=\"slb\" rel=\"nofollow noopener\" target=\"_blank\"><img loading=\"lazy\" decoding=\"async\" width=\"1024\" height=\"635\" data-id=\"24720\" src=\"https:\/\/www.europesays.com\/fr\/wp-content\/uploads\/2025\/08\/Metz-Strasbourg-1-0-Ligue-1-32-1024x635.jpg\" alt=\"\" class=\"wp-image-24720\"  \/><\/a><\/p>\n<p><a href=\"https:\/\/www.mosellesport.fr\/wp-content\/uploads\/2025\/08\/Metz-Strasbourg-1-0-Ligue-1-33.jpg\" data-slb-active=\"1\" data-slb-asset=\"1921583208\" data-slb-internal=\"0\" data-slb-group=\"slb\" rel=\"nofollow noopener\" target=\"_blank\"><img loading=\"lazy\" decoding=\"async\" width=\"1024\" height=\"635\" data-id=\"24721\" src=\"https:\/\/www.europesays.com\/fr\/wp-content\/uploads\/2025\/08\/Metz-Strasbourg-1-0-Ligue-1-33-1024x635.jpg\" alt=\"\" class=\"wp-image-24721\"  \/><\/a><\/p>\n<p><a href=\"https:\/\/www.mosellesport.fr\/wp-content\/uploads\/2025\/08\/Metz-Strasbourg-1-0-Ligue-1-34.jpg\" data-slb-active=\"1\" data-slb-asset=\"1093262678\" data-slb-internal=\"0\" data-slb-group=\"slb\" rel=\"nofollow noopener\" target=\"_blank\"><img loading=\"lazy\" decoding=\"async\" width=\"1024\" height=\"635\" data-id=\"24722\" src=\"https:\/\/www.europesays.com\/fr\/wp-content\/uploads\/2025\/08\/Metz-Strasbourg-1-0-Ligue-1-34-1024x635.jpg\" alt=\"\" class=\"wp-image-24722\"  \/><\/a><\/p>\n<p>Des photos du match FC Metz \u2013 RC Strasbourg seront \u00e0 retrouver dans le num\u00e9ro de septembre du magazine <strong>Moselle Sport.<\/strong> Rendez-vous en kiosques \u00e0 la mi-septembre !<\/p>\n<p class=\"mini mt-5\"> Photos : Moselle Sport &#8211; Article publi\u00e9 le 18 ao\u00fbt 2025<\/p>\n","protected":false},"excerpt":{"rendered":"Retour en images sur la rencontre de la premi\u00e8re journ\u00e9e de Ligue 1 entre le FC Metz et&hellip;\n","protected":false},"author":2,"featured_media":326705,"comment_status":"","ping_status":"","sticky":false,"template":"","format":"standard","meta":{"footnotes":""},"categories":[2820],"tags":[1111,11,1777,674,1011,27,775,12,25,640],"class_list":{"0":"post-326704","1":"post","2":"type-post","3":"status-publish","4":"format-standard","5":"has-post-thumbnail","7":"category-strasbourg","8":"tag-actu","9":"tag-actualites","10":"tag-eu","11":"tag-europe","12":"tag-fr","13":"tag-france","14":"tag-grand-est","15":"tag-news","16":"tag-republique-francaise","17":"tag-strasbourg"},"share_on_mastodon":{"url":"https:\/\/pubeurope.com\/@fr\/115048982482044458","error":""},"_links":{"self":[{"href":"https:\/\/www.europesays.com\/fr\/wp-json\/wp\/v2\/posts\/326704","targetHints":{"allow":["GET"]}}],"collection":[{"href":"https:\/\/www.europesays.com\/fr\/wp-json\/wp\/v2\/posts"}],"about":[{"href":"https:\/\/www.europesays.com\/fr\/wp-json\/wp\/v2\/types\/post"}],"author":[{"embeddable":true,"href":"https:\/\/www.europesays.com\/fr\/wp-json\/wp\/v2\/users\/2"}],"replies":[{"embeddable":true,"href":"https:\/\/www.europesays.com\/fr\/wp-json\/wp\/v2\/comments?post=326704"}],"version-history":[{"count":0,"href":"https:\/\/www.europesays.com\/fr\/wp-json\/wp\/v2\/posts\/326704\/revisions"}],"wp:featuredmedia":[{"embeddable":true,"href":"https:\/\/www.europesays.com\/fr\/wp-json\/wp\/v2\/media\/326705"}],"wp:attachment":[{"href":"https:\/\/www.europesays.com\/fr\/wp-json\/wp\/v2\/media?parent=326704"}],"wp:term":[{"taxonomy":"category","embeddable":true,"href":"https:\/\/www.europesays.com\/fr\/wp-json\/wp\/v2\/categories?post=326704"},{"taxonomy":"post_tag","embeddable":true,"href":"https:\/\/www.europesays.com\/fr\/wp-json\/wp\/v2\/tags?post=326704"}],"curies":[{"name":"wp","href":"https:\/\/api.w.org\/{rel}","templated":true}]}}