{"id":326706,"date":"2025-08-18T09:08:14","date_gmt":"2025-08-18T09:08:14","guid":{"rendered":"https:\/\/www.europesays.com\/fr\/326706\/"},"modified":"2025-08-18T09:08:14","modified_gmt":"2025-08-18T09:08:14","slug":"incendie-spectaculaire-a-nice-une-dizaine-de-vehicules-et-un-entrepot-de-pneumatiques-detruits-boulevard-du-mercantour","status":"publish","type":"post","link":"https:\/\/www.europesays.com\/fr\/326706\/","title":{"rendered":"Incendie spectaculaire \u00e0 Nice : une dizaine de v\u00e9hicules et un entrep\u00f4t de pneumatiques d\u00e9truits boulevard du Mercantour"},"content":{"rendered":"<p>Un violent incendie a d\u00e9truit une dizaine de v\u00e9hicules et un entrep\u00f4t de pneumatiques dans la nuit du 15 ao\u00fbt \u00e0 Nice, mobilisant 80 pompiers.<\/p>\n<p><img fetchpriority=\"high\" decoding=\"async\" width=\"1200\" height=\"900\" alt=\"Feu v\u00e9hicules entrep\u00f4t boulevard Mercantour Nice\" title=\"nice incendie\" src=\"https:\/\/www.europesays.com\/fr\/wp-content\/uploads\/2025\/08\/nice-incendie.jpg\" class=\"img-responsive wp-image-73971\"\/><\/p>\n<p>Feu v\u00e9hicules entrep\u00f4t boulevard Mercantour Nice \u2013 CREDIT : C.SARTOR \/ SDIS06<\/p>\n<p data-start=\"126\" data-end=\"472\">Dans la nuit du jeudi 14 au vendredi 15 ao\u00fbt, un important incendie s\u2019est d\u00e9clar\u00e9 vers 23h30 au 199 boulevard du Mercantour, \u00e0 Nice. Le feu, parti de \u2026<\/p>\n<p>Lire la suite dans l\u2019article <a href=\"https:\/\/www.varactu.fr\/incendie-spectaculaire-a-nice-une-dizaine-de-vehicules-et-un-entrepot-de-pneumatiques-detruits-boulevard-du-mercantour\/\" rel=\"nofollow noopener\" target=\"_blank\">Incendie spectaculaire \u00e0 Nice : une dizaine de v\u00e9hicules et un entrep\u00f4t de pneumatiques d\u00e9truits boulevard du Mercantour<\/a> qui est apparu en premier sur <a href=\"https:\/\/www.varactu.fr\" rel=\"nofollow noopener\" target=\"_blank\">Var Actu<\/a>.<\/p>\n","protected":false},"excerpt":{"rendered":"Un violent incendie a d\u00e9truit une dizaine de v\u00e9hicules et un entrep\u00f4t de pneumatiques dans la nuit du&hellip;\n","protected":false},"author":2,"featured_media":326707,"comment_status":"","ping_status":"","sticky":false,"template":"","format":"standard","meta":{"footnotes":""},"categories":[2819],"tags":[1111,11,1777,674,1011,27,12,2401,882,25],"class_list":{"0":"post-326706","1":"post","2":"type-post","3":"status-publish","4":"format-standard","5":"has-post-thumbnail","7":"category-nice","8":"tag-actu","9":"tag-actualites","10":"tag-eu","11":"tag-europe","12":"tag-fr","13":"tag-france","14":"tag-news","15":"tag-nice","16":"tag-provence-alpes-cote-dazur","17":"tag-republique-francaise"},"share_on_mastodon":{"url":"https:\/\/pubeurope.com\/@fr\/115048985705462217","error":""},"_links":{"self":[{"href":"https:\/\/www.europesays.com\/fr\/wp-json\/wp\/v2\/posts\/326706","targetHints":{"allow":["GET"]}}],"collection":[{"href":"https:\/\/www.europesays.com\/fr\/wp-json\/wp\/v2\/posts"}],"about":[{"href":"https:\/\/www.europesays.com\/fr\/wp-json\/wp\/v2\/types\/post"}],"author":[{"embeddable":true,"href":"https:\/\/www.europesays.com\/fr\/wp-json\/wp\/v2\/users\/2"}],"replies":[{"embeddable":true,"href":"https:\/\/www.europesays.com\/fr\/wp-json\/wp\/v2\/comments?post=326706"}],"version-history":[{"count":0,"href":"https:\/\/www.europesays.com\/fr\/wp-json\/wp\/v2\/posts\/326706\/revisions"}],"wp:featuredmedia":[{"embeddable":true,"href":"https:\/\/www.europesays.com\/fr\/wp-json\/wp\/v2\/media\/326707"}],"wp:attachment":[{"href":"https:\/\/www.europesays.com\/fr\/wp-json\/wp\/v2\/media?parent=326706"}],"wp:term":[{"taxonomy":"category","embeddable":true,"href":"https:\/\/www.europesays.com\/fr\/wp-json\/wp\/v2\/categories?post=326706"},{"taxonomy":"post_tag","embeddable":true,"href":"https:\/\/www.europesays.com\/fr\/wp-json\/wp\/v2\/tags?post=326706"}],"curies":[{"name":"wp","href":"https:\/\/api.w.org\/{rel}","templated":true}]}}