{"id":326714,"date":"2025-08-18T09:12:11","date_gmt":"2025-08-18T09:12:11","guid":{"rendered":"https:\/\/www.europesays.com\/fr\/326714\/"},"modified":"2025-08-18T09:12:11","modified_gmt":"2025-08-18T09:12:11","slug":"garonne-en-fete-votre-rendez-vous-annuel-avec-le-fleuve","status":"publish","type":"post","link":"https:\/\/www.europesays.com\/fr\/326714\/","title":{"rendered":"Garonne en F\u00eate\u00a0: votre rendez-vous annuel avec le fleuve\u00a0!"},"content":{"rendered":"<p>\n                                                                    l&rsquo;essentiel<br \/>\n                                                                L\u2019\u00e9dition 2025 de Garonne en F\u00eate se tiendra ce samedi 23\u00a0ao\u00fbt, autour d\u2019un programme riche m\u00ealant descente en cano\u00eb, trail, animations, concerts et rendez-vous familiaux. Les inscriptions sont d\u2019ores et d\u00e9j\u00e0 ouvertes en ligne\u00a0: il est possible de r\u00e9server un cano\u00eb jusqu\u2019au 22\u00a0ao\u00fbt, ou de s\u2019inscrire au trail jusqu\u2019au 20\u00a0ao\u00fbt.\n                            <\/p>\n<p>Cet \u00e9v\u00e9nement, qui illustre le lien ind\u00e9fectible entre Agen et son fleuve, convie habitants et visiteurs \u00e0 venir partager une journ\u00e9e d\u2019aventure et de d\u00e9tente en bord de Garonne. Entre le sport, la plage et la f\u00eate, tout est pr\u00e9vu pour que chacun trouve son bonheur lors de ce rendez-vous estival devenu incontournable.<\/p>\n<p>Des descentes en cano\u00eb tout au long du samedi 23\u00a0ao\u00fbt<\/p>\n<p>La journ\u00e9e d\u00e9butera par la traditionnelle descente en cano\u00eb. D\u00e8s 9\u00a0h\u00a030, trois circuits distincts permettront aux participants de s\u2019\u00e9lancer selon leur niveau et leurs envies. Le circuit du matin reliera Saint-Sixte \u00e0 Bo\u00e9, avec un d\u00e9part en bus \u00e0 7\u00a0h\u00a030 depuis le parc de Passeligne et un accueil autour d\u2019un petit-d\u00e9jeuner avant la mise \u00e0 l\u2019eau.<\/p>\n<p>Pour les plus endurants, le circuit journ\u00e9e conduira de Saint-Sixte \u00e0 Saint-Hilaire-de-Lusignan. Ce parcours d\u2019environ quatre heures d\u00e9butera \u00e9galement \u00e0 9\u00a0h\u00a030, apr\u00e8s un d\u00e9part en bus \u00e0 7\u00a0h\u00a030 depuis Saint-Hilaire et une collation matinale. Une nouveaut\u00e9 marquera cette \u00e9dition\u00a0: la pause obligatoire vers 11\u00a0h\u00a030 \u00e0 la plage de Bo\u00e9, o\u00f9 foodtrucks, animations, concerts et baignade gratuite attendront les participants et leurs familles. Enfin, un circuit plus court aura lieu dans l\u2019apr\u00e8s-midi, entre Bo\u00e9 et Saint-Hilaire-de-Lusignan, avec un d\u00e9part en bus \u00e0 12\u00a0h\u00a030 et un embarquement sur l\u2019eau \u00e0 13\u00a0h\u00a045.<\/p>\n<p>Toutes les formules incluent le pr\u00eat du mat\u00e9riel (cano\u00eb, pagaies, gilets de sauvetage), le kit souvenir de Garonne en F\u00eate, les navettes pour rejoindre les points de d\u00e9part et un rafra\u00eechissement \u00e0 l\u2019arriv\u00e9e. Les tarifs varient entre 30 et 45\u00a0euros pour les r\u00e9servations en ligne, avec un tarif r\u00e9duit accord\u00e9 aux groupes \u00e0 partir de cinq embarcations lou\u00e9es ensemble.<\/p>\n<p>Pour les cano\u00ebs priv\u00e9s, un contr\u00f4le strict des \u00e9quipements sera effectu\u00e9 avant le d\u00e9part. L\u2019ensemble des descentes se d\u00e9roulera sous la supervision de professionnels du sport et du secourisme, avec des consignes claires de s\u00e9curit\u00e9\u00a0: chaussures ferm\u00e9es obligatoires, lunettes s\u00e9curis\u00e9es par un cordon, gourde conseill\u00e9e. Les organisateurs encouragent \u00e9galement chacun \u00e0 se d\u00e9guiser, une r\u00e9compense \u00e9tant pr\u00e9vue \u00e0 l\u2019arriv\u00e9e pour les plus originaux.<\/p>\n<p>Un week-end festif entre plage, trail et animations dans tout l\u2019Agenais<\/p>\n<p>Le samedi 23\u00a0ao\u00fbt sera aussi marqu\u00e9 par d\u2019autres rendez-vous. \u00c0 Colayrac-Saint-Cirq, le Garonne en trail prendra le d\u00e9part \u00e0 9\u00a0h\u00a030 depuis le th\u00e9\u00e2tre de verdure, pr\u00e8s du stade de rugby. Les enfants n\u00e9s entre\u00a02012 et\u00a02018 pourront participer gratuitement \u00e0 une course de 800 m\u00e8tres, suivie \u00e0 10\u00a0h par l\u2019\u00e9preuve adultes de 10,2\u00a0km. L\u2019inscription est possible en ligne jusqu\u2019au 20\u00a0ao\u00fbt au tarif de 8\u00a0euros, ou sur place pour 12\u00a0euros. \u00c0 11\u00a0h, le SUA Triathlon organisera une Eco Rando avec deux points de d\u00e9part\u00a0: le kiosque du Gravier \u00e0 Agen et la Maison de Garonne \u00e0 Bo\u00e9. Cette marche conviviale combinera promenade et ramassage de d\u00e9chets, avec sacs et gants fournis.<\/p>\n<p>Pour l\u2019occasion, Garonne Plage ouvrira exceptionnellement ses portes d\u00e8s 11\u00a0heures, avec baignade surveill\u00e9e, jeux g\u00e9ants en bois, activit\u00e9s nautiques gratuites comme le paddle, le p\u00e9dalo ou les structures gonflables, ainsi que des animations musicales et des foodtrucks.<\/p>\n<p>La f\u00eate commencera m\u00eame la veille. Le vendredi 22\u00a0ao\u00fbt, Saint-Sixte accueillera un \u00ab\u00a0off\u00a0\u00bb sur la plage de galets, d\u00e8s 17\u00a0heures, avec animations pour enfants, ch\u00e2teaux gonflables, visite guid\u00e9e, repas convivial et un feu d\u2019artifice \u00e0 23\u00a0heures. Puis, le samedi 23\u00a0ao\u00fbt, Saint-Hilaire-de-Lusignan proposera d\u00e8s 13\u00a0heures des activit\u00e9s spectaculaires\u00a0: une tyrolienne gratuite au-dessus de la Garonne, des jeux g\u00e9ants d\u00e8s 13\u00a0h\u00a030, un d\u00eener sur r\u00e9servation avec cochon \u00e0 la broche, suivi d\u2019un concert de Guillaume Parma \u00e0 20\u00a0heures.<\/p>\n","protected":false},"excerpt":{"rendered":"l&rsquo;essentiel L\u2019\u00e9dition 2025 de Garonne en F\u00eate se tiendra ce samedi 23\u00a0ao\u00fbt, autour d\u2019un programme riche m\u00ealant descente&hellip;\n","protected":false},"author":2,"featured_media":326715,"comment_status":"","ping_status":"","sticky":false,"template":"","format":"standard","meta":{"footnotes":""},"categories":[2817],"tags":[1111,11,1997,1777,674,1011,27,12,2219,25],"class_list":{"0":"post-326714","1":"post","2":"type-post","3":"status-publish","4":"format-standard","5":"has-post-thumbnail","7":"category-bordeaux","8":"tag-actu","9":"tag-actualites","10":"tag-bordeaux","11":"tag-eu","12":"tag-europe","13":"tag-fr","14":"tag-france","15":"tag-news","16":"tag-nouvelle-aquitaine","17":"tag-republique-francaise"},"share_on_mastodon":{"url":"https:\/\/pubeurope.com\/@fr\/115049001403660330","error":""},"_links":{"self":[{"href":"https:\/\/www.europesays.com\/fr\/wp-json\/wp\/v2\/posts\/326714","targetHints":{"allow":["GET"]}}],"collection":[{"href":"https:\/\/www.europesays.com\/fr\/wp-json\/wp\/v2\/posts"}],"about":[{"href":"https:\/\/www.europesays.com\/fr\/wp-json\/wp\/v2\/types\/post"}],"author":[{"embeddable":true,"href":"https:\/\/www.europesays.com\/fr\/wp-json\/wp\/v2\/users\/2"}],"replies":[{"embeddable":true,"href":"https:\/\/www.europesays.com\/fr\/wp-json\/wp\/v2\/comments?post=326714"}],"version-history":[{"count":0,"href":"https:\/\/www.europesays.com\/fr\/wp-json\/wp\/v2\/posts\/326714\/revisions"}],"wp:featuredmedia":[{"embeddable":true,"href":"https:\/\/www.europesays.com\/fr\/wp-json\/wp\/v2\/media\/326715"}],"wp:attachment":[{"href":"https:\/\/www.europesays.com\/fr\/wp-json\/wp\/v2\/media?parent=326714"}],"wp:term":[{"taxonomy":"category","embeddable":true,"href":"https:\/\/www.europesays.com\/fr\/wp-json\/wp\/v2\/categories?post=326714"},{"taxonomy":"post_tag","embeddable":true,"href":"https:\/\/www.europesays.com\/fr\/wp-json\/wp\/v2\/tags?post=326714"}],"curies":[{"name":"wp","href":"https:\/\/api.w.org\/{rel}","templated":true}]}}