{"id":326716,"date":"2025-08-18T09:13:13","date_gmt":"2025-08-18T09:13:13","guid":{"rendered":"https:\/\/www.europesays.com\/fr\/326716\/"},"modified":"2025-08-18T09:13:13","modified_gmt":"2025-08-18T09:13:13","slug":"des-dizaines-dannonces-demplois-a-saisir-pour-la-rentree","status":"publish","type":"post","link":"https:\/\/www.europesays.com\/fr\/326716\/","title":{"rendered":"des dizaines d&rsquo;annonces d\u2019emplois \u00e0 saisir pour la rentr\u00e9e !"},"content":{"rendered":"<p>Vous cherchez un nouvel emploi dans la mode ? Explorez les offres ou d\u00e9couvrez les employeurs qui recrutent. Bordeaux et sa r\u00e9gion regorgent d\u2019opportunit\u00e9s dans le secteur du retail, du pr\u00eat-\u00e0-porter et du streetwear. Voici un aper\u00e7u des derni\u00e8res annonces.<\/p>\n<p>American Vintage mise sur le recrutement<\/p>\n<p>L\u2019enseigne propose un poste de <strong><a href=\"https:\/\/fashionunited.fr\/fashion-jobs\/retail-talent-acquisition-h-f-signes-1805389\" rel=\"nofollow noopener\" target=\"_blank\">Retail Talent Acquisition (H\/F<\/a><a class=\"\" href=\"#\">)<\/a><\/strong> bas\u00e9 \u00e0 Signes (PACA). Rejoindre leur \u00e9quipe, pilot\u00e9e par Iman Lyaoui, c\u2019est plonger dans une culture qui valorise l\u2019expertise terrain et la proximit\u00e9 avec les \u00e9quipes.<\/p>\n<p><img fetchpriority=\"high\" decoding=\"async\" width=\"1024\" height=\"683\" src=\"https:\/\/www.europesays.com\/fr\/wp-content\/uploads\/2025\/08\/vendeur-lacoste-1024x683.jpeg\" alt=\"\" class=\"wp-image-82317\"  \/>Explorez les offres ou d\u00e9couvrez les employeurs qui recrutent. Bordeaux et sa r\u00e9gion regorgent d\u2019opportunit\u00e9s dans le secteur du retail, du pr\u00eat-\u00e0-porter et du streetwear.  Cr\u00e9dit : Fashionunited<\/p>\n<p>SNIPES, le streetwear en pleine expansion<\/p>\n<p>Avec plus de 700 magasins, SNIPES recrute un <a href=\"https:\/\/fashionunited.fr\/fashion-jobs\/floor-manager-bordeaux-centre-ville-mode-urbaine-bordeaux-1782967\" rel=\"nofollow noopener\" target=\"_blank\"><strong>Floor Manager Bordeaux Centre ville- mode urbaine<\/strong>.<\/a> La marque propose un univers urbain port\u00e9 par les grandes r\u00e9f\u00e9rences comme Nike, Adidas ou Jordan, mais aussi par ses propres collections.<\/p>\n<p>Courir, la r\u00e9f\u00e9rence sneaker<\/p>\n<p>Leader sur le march\u00e9 de la sneaker en France, Courir recherche un <strong><a href=\"https:\/\/fashionunited.fr\/fashion-jobs\/vendeuse-vendeur-f-h-bordeaux-1808449\" rel=\"nofollow noopener\" target=\"_blank\">Vendeur\/Vendeuse (F\/H)<\/a><\/strong> \u00e0 Bordeaux. L\u2019enseigne, qui compte plus de 300 magasins, poursuit son ambition : rendre la sneaker accessible \u00e0 tous.<\/p>\n<p>Tommy Hilfiger multiplie les opportunit\u00e9s<\/p>\n<p>La maison PVH, propri\u00e9taire de Tommy Hilfiger et Calvin Klein, renforce sa pr\u00e9sence bordelaise avec plusieurs postes :<\/p>\n<p>Mango, un acteur incontournable<\/p>\n<p>L\u2019enseigne espagnole propose diff\u00e9rents postes \u00e0 Bordeaux :<\/p>\n<p>Ces offres confirment la dynamique de Mango, pr\u00e9sente dans plus de 120 pays.<\/p>\n<p><img loading=\"lazy\" decoding=\"async\" width=\"730\" height=\"487\" src=\"https:\/\/www.europesays.com\/fr\/wp-content\/uploads\/2025\/08\/vendeuse-mode.png\" alt=\"\" class=\"wp-image-82318\"  \/>De l\u2019urbain au premium, du CDD \u00e9tudiant au CDI manager, Bordeaux offre une large gamme d\u2019opportunit\u00e9s dans la mode. <\/p>\n<p>Lacoste renforce ses \u00e9quipes bordelaises<\/p>\n<p>Ic\u00f4ne du pr\u00eat-\u00e0-porter, Lacoste recherche :<\/p>\n<p>Autres marques en recherche<\/p>\n<p>De l\u2019urbain au premium, du CDD \u00e9tudiant au CDI manager, Bordeaux offre une large gamme d\u2019opportunit\u00e9s dans la mode. Que vous soyez passionn\u00e9 par la sneaker, attir\u00e9 par le luxe ou motiv\u00e9 par le retail pur, les enseignes recrutent et n\u2019attendent plus que vous. Bonne chance !<\/p>\n<p>A lire aussi : <a href=\"https:\/\/www.bougerabordeaux.com\/actu\/girondins-de-bordeaux-un-effectif-remodele-et-une-ambition-enfin-claire-pour-2025-2026\/\" rel=\"nofollow noopener\" target=\"_blank\">Girondins de Bordeaux : un effectif remodel\u00e9 et une ambition (enfin) claire pour 2025-2026 ?<\/a><\/p>\n","protected":false},"excerpt":{"rendered":"Vous cherchez un nouvel emploi dans la mode ? Explorez les offres ou d\u00e9couvrez les employeurs qui recrutent.&hellip;\n","protected":false},"author":2,"featured_media":326717,"comment_status":"","ping_status":"","sticky":false,"template":"","format":"standard","meta":{"footnotes":""},"categories":[2817],"tags":[1111,11,1997,1777,674,1011,27,12,2219,25],"class_list":{"0":"post-326716","1":"post","2":"type-post","3":"status-publish","4":"format-standard","5":"has-post-thumbnail","7":"category-bordeaux","8":"tag-actu","9":"tag-actualites","10":"tag-bordeaux","11":"tag-eu","12":"tag-europe","13":"tag-fr","14":"tag-france","15":"tag-news","16":"tag-nouvelle-aquitaine","17":"tag-republique-francaise"},"share_on_mastodon":{"url":"https:\/\/pubeurope.com\/@fr\/115049005593441775","error":""},"_links":{"self":[{"href":"https:\/\/www.europesays.com\/fr\/wp-json\/wp\/v2\/posts\/326716","targetHints":{"allow":["GET"]}}],"collection":[{"href":"https:\/\/www.europesays.com\/fr\/wp-json\/wp\/v2\/posts"}],"about":[{"href":"https:\/\/www.europesays.com\/fr\/wp-json\/wp\/v2\/types\/post"}],"author":[{"embeddable":true,"href":"https:\/\/www.europesays.com\/fr\/wp-json\/wp\/v2\/users\/2"}],"replies":[{"embeddable":true,"href":"https:\/\/www.europesays.com\/fr\/wp-json\/wp\/v2\/comments?post=326716"}],"version-history":[{"count":0,"href":"https:\/\/www.europesays.com\/fr\/wp-json\/wp\/v2\/posts\/326716\/revisions"}],"wp:featuredmedia":[{"embeddable":true,"href":"https:\/\/www.europesays.com\/fr\/wp-json\/wp\/v2\/media\/326717"}],"wp:attachment":[{"href":"https:\/\/www.europesays.com\/fr\/wp-json\/wp\/v2\/media?parent=326716"}],"wp:term":[{"taxonomy":"category","embeddable":true,"href":"https:\/\/www.europesays.com\/fr\/wp-json\/wp\/v2\/categories?post=326716"},{"taxonomy":"post_tag","embeddable":true,"href":"https:\/\/www.europesays.com\/fr\/wp-json\/wp\/v2\/tags?post=326716"}],"curies":[{"name":"wp","href":"https:\/\/api.w.org\/{rel}","templated":true}]}}