{"id":326722,"date":"2025-08-18T09:16:15","date_gmt":"2025-08-18T09:16:15","guid":{"rendered":"https:\/\/www.europesays.com\/fr\/326722\/"},"modified":"2025-08-18T09:16:15","modified_gmt":"2025-08-18T09:16:15","slug":"focus-sur-le-couvent-des-clarisses","status":"publish","type":"post","link":"https:\/\/www.europesays.com\/fr\/326722\/","title":{"rendered":"Focus sur le Couvent des Clarisses"},"content":{"rendered":"<p>Un couvent n\u00e9 d\u2019un v\u0153u<\/p>\n<p>En 1857, un incendie ravage l\u2019usine \u00e0 gaz de Roubaix. Son propri\u00e9taire, Henri-Philippe Descl\u00e9e, fait alors un v\u0153u\u202f: si l\u2019explosion est \u00e9vit\u00e9e, il fera construire un couvent. La catastrophe est contenue, et ses fils concr\u00e9tisent la promesse dans les ann\u00e9es 1870, en installant un monast\u00e8re dans le quartier populaire de l\u2019\u00c9peule. Les Clarisses, issues de l\u2019ordre fond\u00e9 par sainte Claire d\u2019Assise, y m\u00e8nent une vie frugale et recluse pendant plus d\u2019un si\u00e8cle.<\/p>\n<p>Le b\u00e2timent, con\u00e7u par Jean-Baptiste Bethune, ma\u00eetre du style n\u00e9ogothique, est \u00e0 la fois sobre, fonctionnel et \u00e9l\u00e9gant. Il s\u2019ins\u00e8re dans un environnement urbain en mutation, entre usines textiles, chemin de fer et habitat ouvrier. \u00c0 partir de 1903, les s\u0153urs connaissent l\u2019exil, la spoliation, puis le retour. Elles quitteront d\u00e9finitivement les lieux en 2008.<\/p>\n<p>Un monument discret, mais remarquable<\/p>\n<p>Derri\u00e8re ses murs de brique rouge, le couvent des Clarisses cache un ensemble architectural exceptionnel\u202f: clo\u00eetre, chapelle, potager, buanderie, caves, greniers\u2026 Rien n\u2019est superflu, tout est pens\u00e9 pour r\u00e9pondre \u00e0 la rigueur de la r\u00e8gle monastique. La chapelle, sobre et \u00e9lanc\u00e9e, est un chef-d\u2019\u0153uvre d\u2019\u00e9conomie de moyens, rythm\u00e9 par des contreforts, une charpente en bois et des vitraux dessin\u00e9s par Bethune.<\/p>\n<p>\u00c0 l\u2019int\u00e9rieur, les mat\u00e9riaux modestes (brique, sapin, ciment) sont mis en \u0153uvre avec soin. Tout ici incarne la simplicit\u00e9 et la sobri\u00e9t\u00e9, que l\u2019on retrouve aussi dans la vie quotidienne des s\u0153urs : compostage, r\u00e9emploi, cuisine v\u00e9g\u00e9tarienne, silence des repas\u2026 Une forme de \u00ab\u202fz\u00e9ro d\u00e9chet\u202f\u00bb avant l\u2019heure\u00a0!<\/p>\n","protected":false},"excerpt":{"rendered":"Un couvent n\u00e9 d\u2019un v\u0153u En 1857, un incendie ravage l\u2019usine \u00e0 gaz de Roubaix. Son propri\u00e9taire, Henri-Philippe&hellip;\n","protected":false},"author":2,"featured_media":326723,"comment_status":"","ping_status":"","sticky":false,"template":"","format":"standard","meta":{"footnotes":""},"categories":[2815],"tags":[1111,11,46375,29930,1777,674,1011,27,811,38919,1307,12,2551,25,46376],"class_list":{"0":"post-326722","1":"post","2":"type-post","3":"status-publish","4":"format-standard","5":"has-post-thumbnail","7":"category-lille","8":"tag-actu","9":"tag-actualites","10":"tag-clarisses","11":"tag-couvent","12":"tag-eu","13":"tag-europe","14":"tag-fr","15":"tag-france","16":"tag-hauts-de-france","17":"tag-label-ville-dart-et-dhistoire","18":"tag-lille","19":"tag-news","20":"tag-patrimoine","21":"tag-republique-francaise","22":"tag-saison-zero"},"share_on_mastodon":{"url":"https:\/\/pubeurope.com\/@fr\/115049017129542426","error":""},"_links":{"self":[{"href":"https:\/\/www.europesays.com\/fr\/wp-json\/wp\/v2\/posts\/326722","targetHints":{"allow":["GET"]}}],"collection":[{"href":"https:\/\/www.europesays.com\/fr\/wp-json\/wp\/v2\/posts"}],"about":[{"href":"https:\/\/www.europesays.com\/fr\/wp-json\/wp\/v2\/types\/post"}],"author":[{"embeddable":true,"href":"https:\/\/www.europesays.com\/fr\/wp-json\/wp\/v2\/users\/2"}],"replies":[{"embeddable":true,"href":"https:\/\/www.europesays.com\/fr\/wp-json\/wp\/v2\/comments?post=326722"}],"version-history":[{"count":0,"href":"https:\/\/www.europesays.com\/fr\/wp-json\/wp\/v2\/posts\/326722\/revisions"}],"wp:featuredmedia":[{"embeddable":true,"href":"https:\/\/www.europesays.com\/fr\/wp-json\/wp\/v2\/media\/326723"}],"wp:attachment":[{"href":"https:\/\/www.europesays.com\/fr\/wp-json\/wp\/v2\/media?parent=326722"}],"wp:term":[{"taxonomy":"category","embeddable":true,"href":"https:\/\/www.europesays.com\/fr\/wp-json\/wp\/v2\/categories?post=326722"},{"taxonomy":"post_tag","embeddable":true,"href":"https:\/\/www.europesays.com\/fr\/wp-json\/wp\/v2\/tags?post=326722"}],"curies":[{"name":"wp","href":"https:\/\/api.w.org\/{rel}","templated":true}]}}